{"id":104,"date":"2015-06-23T10:50:57","date_gmt":"2015-06-23T10:50:57","guid":{"rendered":"http:\/\/kommunikation.gaertnerhkk.de\/?p=104"},"modified":"2015-07-03T10:36:52","modified_gmt":"2015-07-03T10:36:52","slug":"erst-telefonieren-dann-schreiben","status":"publish","type":"post","link":"http:\/\/kommunikation.gaertnerhkk.de\/?p=104","title":{"rendered":"Erst telefonieren, dann schreiben!"},"content":{"rendered":"<p><span style=\"color: #ff0000;\">Wie bereite ich eine telefonische R\u00fcckfrage vor?<\/span><a id=\"set-post-thumbnail\" class=\"thickbox\" title=\"Beitragsbild festlegen\" href=\"http:\/\/kommunikation.gaertnerhkk.de\/wp-admin\/media-upload.php?post_id=104&amp;type=image&amp;TB_iframe=1\"><img loading=\"lazy\" decoding=\"async\" class=\"attachment-266x266 alignright\" src=\"http:\/\/kommunikation.gaertnerhkk.de\/wp-content\/uploads\/2015\/06\/Fotolia_78885265_XS-300x194.jpg\" alt=\"teamwork\" width=\"266\" height=\"172\" \/><\/a><\/p>\n<p><strong>Meist ist in der Stellenanzeige ein Ansprechpartner und eine Telefonnummer f\u00fcr R\u00fcckfragen angegeben<\/strong>.<br \/>\nWenn Sie dieses Angebot nutzen, ist dies eine <strong>telefonische Erstbewerbung <\/strong>.<br \/>\n<em><br \/>\n<span style=\"color: #ff0000;\">Beachten Sie diese Regeln:<\/span><\/em><\/p>\n<p>\u2022 Rufen Sie nicht spontan an!<br \/>\n\u2022 Am besten bereiten Sie sich gut vor und notieren sich, welche konkreten Fragen Sie zur Bewerbung haben.<br \/>\n\u2022 Ist ein Ansprechpartner angegeben ist, sprechen Sie nur mit der angegebenen Person \u00fcber Ihre Bewerbung.<br \/>\n\u2022 Fragen Sie nichts, was bereits in der Anzeige beantwortet wird.<br \/>\n\u2022 Machen Sie sich bewusst, dass Sie eventuell nicht der einzige Anrufer sind.<br \/>\n\u2022 Schonen Sie die Nerven Ihres potentiellen Vorgesetzten oder Personalchefs.<br \/>\n\u2022 Holen Sie sich einen &#8222;Aufh\u00e4nger&#8220; zu Ihrem Anschreiben f\u00fcr Ihre schriftliche Bewerbung.<br \/>\n\u2022 Stellen Sie eine fachlich auf die Position bezogene Frage.<\/p>\n<p>Wenn es zum Beispiel um eine Position im Vertrieb geht, fragen Sie nach der Anzahl der zu betreuenden Kunden.<span style=\"color: #ff0000;\"> <em>Stellen Sie die Frage so, dass Sie eine zus\u00e4tzliche Information zur Position bekommen, die nicht nebens\u00e4chlich ist.<\/em><\/span><\/p>\n<p>In jedem Fall schaffen Sie <em>einen Aufh\u00e4nger f\u00fcr Ihr Anschreiben<\/em>: Wenn Ihr Gespr\u00e4chspartner die Frage nicht beantworten kann oder will, k\u00f6nnen Sie in Ihrem Anschreiben die Frage neu aufgreifen. Mit dem Beispiel Vertrieb: &#8222;&#8230;In einem pers\u00f6nlichen Gespr\u00e4ch w\u00fcrde ich gerne noch meine Fragen zum Kundensituation kl\u00e4ren &#8230;&#8220;.<\/p>\n<p><span style=\"color: #ff0000;\"><em>Wenn Sie eine Antwort bekommen haben, machen Sie im Anschreiben deutlich, dass Sie mit dieser Information etwas anfangen k\u00f6nnen:<\/em> &#8222;<\/span>&#8230; bei der von Ihnen genannten Kundenzahl scheint mir eine 6-w\u00f6chige Besuchsfrequenz sinnvoll. Mit dieser Betreuungsmethode bin ich vertraut &#8230;&#8220;<\/p>\n<p><strong>Quittieren Sie das Gespr\u00e4ch positiv. <\/strong>Zum Beispiel: &#8222;Nach unserem Gespr\u00e4ch bin ich sicher, dass ich mich bei Ihnen bewerben will. Meine Unterlagen werde ich Ihnen noch heute\/bis zum&#8230; zu kommen lassen&#8220;.<\/p>\n","protected":false},"excerpt":{"rendered":"Wie bereite ich eine telefonische R\u00fcckfrage vor? Meist ist in der Stellenanzeige ein Ansprechpartner und eine Telefonnummer f\u00fcr R\u00fcckfragen angegeben. Wenn Sie dieses Angebot nutzen, ist dies eine telefonische Erstbewerbung . Beachten Sie diese Regeln: \u2022 Rufen Sie nicht spontan an! \u2022 Am besten bereiten Sie sich gut vor und notieren sich, welche konkreten Fragen ","protected":false},"author":1,"featured_media":167,"comment_status":"open","ping_status":"open","sticky":false,"template":"","format":"standard","meta":{"footnotes":""},"categories":[5],"tags":[23,24,25,26,27,28,152,157,31,32,33,34,35,144,161,36,37,38,39,40,41,42,43,44,45,164,46,47,48,49,50,51,52,53,54,55,163,56,153,145,57,149,58,59,29,143,60,61,65,66,62,63,64,107,160,167,150,67,68,69,111,70,71,72,147,148,73,74,75,76,165,77,156,158,155,166,78,151,79,159,80,154,81,146,110,82,30,83,84,85,86,87,88,89,90,91,92,95,96,93,94,97,98,99,100,101,102,103,104,105,106,108,109,112,113,114,115,116,117,118,119,120,121,122,123,124,125,126,127,128,129,130,131,132,133,134,135,137,136,138,139,140,141,142,162],"class_list":["post-104","post","type-post","status-publish","format-standard","has-post-thumbnail","hentry","category-bewerbungsstrategien","tag-abendschule-weiterbildung","tag-allgemeine-weiterbildung","tag-arbeitsagentur-arbeit","tag-arbeitsagentur-fortbildung-arbeitsagentur","tag-arbeitslos-und-weiterbildung","tag-arbeitslos-weiterbildung","tag-arbeitsmarkttraining","tag-arbeitsvermittler","tag-aus-und-weiterbildung","tag-aus-weiterbildung","tag-ausbildung-beruf","tag-ausbildung-berufsbegleitend","tag-ausbildung-fuer-erwachsene","tag-bearung","tag-beratung-fuer-arbeislose","tag-beratung-weiterbildung","tag-beruf-weiterbildung","tag-berufe","tag-berufe-net-arbeitsagentur","tag-berufliche-aus-und-weiterbildung","tag-berufliche-bildung","tag-berufliche-bildung-deutschland","tag-berufliche-bildung-in-deutschland","tag-berufliche-bildung-praktisch-unschlagbar","tag-berufliche-fortbildung","tag-berufliche-orientierung","tag-berufliche-weiterbildung-definition","tag-berufliche-weiterbildung-saarland","tag-berufliche-weiterbildungen","tag-beruflichen-weiterbildung","tag-berufsbegleitend","tag-berufsbegleitende-ausbildung","tag-berufsbegleitende-ausbildung-saarland","tag-berufsbegleitende-ausbildungen","tag-berufsbegleitende-fortbildung","tag-berufsbegleitende-weiterbildung","tag-berufsrueckkehrer","tag-betriebliche-weiterbildung","tag-bewerbungsunterlgen","tag-coaching","tag-die-weiterbildung","tag-einzelhandelskaufmann","tag-erwachsenen-und-weiterbildung","tag-erwachsenen-weiterbildung","tag-externen-pruefung","tag-externenpruefung-ihk","tag-fachkraft-fuer-lagerlogistik-weiterbildung","tag-fachliche-weiterbildung","tag-foerderung-beruflicher-weiterbildung","tag-foerderung-der-beruflichen-weiterbildung","tag-fort-und-weiterbildung","tag-fort-und-weiterbildungen","tag-fortbildung-arbeitsagentur","tag-gastronomie","tag-gesundheitsmanagement","tag-hilfe-bei-jobcenter","tag-innerbetriebliche-weiterbildung","tag-institut-fuer-berufliche-weiterbildung","tag-ist-weiterbildung","tag-it-weiterbildung","tag-iterbildung-im-beruf","tag-kaufmaennische-berufe","tag-kaufmaennische-weiterbildung","tag-kommunikation-weiterbildung","tag-kommunikationsmittel","tag-konfliktloesung","tag-kurs-weiterbildung","tag-marketing-weiterbildung","tag-nebenberufliche-weiterbildung","tag-netzwerk-weiterbildung","tag-neuer-beruf","tag-online-weiterbildung","tag-personalberatung","tag-personalmanagement","tag-personalvermittlung","tag-perspektiven-im-beruf","tag-private-weiterbildung","tag-profilpass-profiling","tag-schulische-weiterbildung","tag-schwierigkeiten-mit-personal","tag-staatlich-anerkannte-weiterbildung","tag-stellenvermittlung","tag-teilzeit-weiterbildung","tag-training","tag-we","tag-weiterbilden","tag-weiterbildung","tag-weiterbildung-50","tag-weiterbildung-50plus","tag-weiterbildung-abendschule","tag-weiterbildung-am-wochenende","tag-weiterbildung-arbeitslos","tag-weiterbildung-beruf","tag-weiterbildung-berufsbegleitend","tag-weiterbildung-beschaffung","tag-weiterbildung-betriebswirtschaft","tag-weiterbildung-buchhaltung","tag-weiterbildung-buero","tag-weiterbildung-buerokauffrau-weiterbildung-buerokaufmann","tag-weiterbildung-bw","tag-weiterbildung-bwl","tag-weiterbildung-einkauf","tag-weiterbildung-erlangen","tag-weiterbildung-erwachsene","tag-weiterbildung-finden","tag-weiterbildung-foerdern","tag-weiterbildung-fuer-arbeitslose","tag-weiterbildung-fuer-berufstaetige","tag-weiterbildung-fuer-erwachsene","tag-weiterbildung-fuer-frauen","tag-weiterbildung-fuer-kaufleute","tag-weiterbildung-gesundheitswesen","tag-weiterbildung-im-alter","tag-weiterbildung-im-oeffentlichen-dienst","tag-weiterbildung-in","tag-weiterbildung-industriekauffrau","tag-weiterbildung-kauffrau-weiterbildung-kaufmann","tag-weiterbildung-kaufmaennischer-bereich","tag-weiterbildung-kommunikation","tag-weiterbildung-kosten","tag-weiterbildung-marketing","tag-weiterbildung-mit-40","tag-weiterbildung-mit-50","tag-weiterbildung-mit-hauptschulabschluss","tag-weiterbildung-mit-kind","tag-weiterbildung-mit-zukunft","tag-weiterbildung-mv","tag-weiterbildung-neben-beruf","tag-weiterbildung-neben-dem-beruf","tag-weiterbildung-organisationsmanagement","tag-weiterbildung-personal","tag-weiterbildung-personalwesen","tag-weiterbildung-sekretaerin","tag-weiterbildung-service","tag-weiterbildung-tourismus","tag-weiterbildung-von-zu-hause","tag-weiterbildung-von-zuhause","tag-weiterbildung-waehrend-elternzeit","tag-weiterbildung-wirtschaft","tag-weiterbildung-zertifikat","tag-weiterbildung-zum","tag-weiterbildungen","tag-welche-weiterbildung","tag-welche-weiterbildung-passt-zu-mir","tag-wiedereinstieg"],"yoast_head":"<!-- This site is optimized with the Yoast SEO plugin v23.1 - https:\/\/yoast.com\/wordpress\/plugins\/seo\/ -->\n<title>Erst telefonieren, dann schreiben! - gaertner hkk<\/title>\n<meta name=\"robots\" content=\"index, follow, max-snippet:-1, max-image-preview:large, max-video-preview:-1\" \/>\n<link rel=\"canonical\" href=\"http:\/\/kommunikation.gaertnerhkk.de\/?p=104\" \/>\n<meta property=\"og:locale\" content=\"de_DE\" \/>\n<meta property=\"og:type\" content=\"article\" \/>\n<meta property=\"og:title\" content=\"Erst telefonieren, dann schreiben! - gaertner hkk\" \/>\n<meta property=\"og:description\" content=\"Wie bereite ich eine telefonische R\u00fcckfrage vor? Meist ist in der Stellenanzeige ein Ansprechpartner und eine Telefonnummer f\u00fcr R\u00fcckfragen angegeben. Wenn Sie dieses Angebot nutzen, ist dies eine telefonische Erstbewerbung . Beachten Sie diese Regeln: \u2022 Rufen Sie nicht spontan an! \u2022 Am besten bereiten Sie sich gut vor und notieren sich, welche konkreten Fragen\" \/>\n<meta property=\"og:url\" content=\"http:\/\/kommunikation.gaertnerhkk.de\/?p=104\" \/>\n<meta property=\"og:site_name\" content=\"gaertner hkk\" \/>\n<meta property=\"article:publisher\" content=\"https:\/\/www.facebook.com\/gaertnerhkk.de\" \/>\n<meta property=\"article:published_time\" content=\"2015-06-23T10:50:57+00:00\" \/>\n<meta property=\"article:modified_time\" content=\"2015-07-03T10:36:52+00:00\" \/>\n<meta property=\"og:image\" content=\"http:\/\/kommunikation.gaertnerhkk.de\/wp-content\/uploads\/2015\/06\/Fotolia_78885265_XS.jpg\" \/>\n\t<meta property=\"og:image:width\" content=\"431\" \/>\n\t<meta property=\"og:image:height\" content=\"279\" \/>\n\t<meta property=\"og:image:type\" content=\"image\/jpeg\" \/>\n<meta name=\"author\" content=\"andrea\" \/>\n<meta name=\"twitter:card\" content=\"summary_large_image\" \/>\n<meta name=\"twitter:label1\" content=\"Verfasst von\" \/>\n\t<meta name=\"twitter:data1\" content=\"andrea\" \/>\n\t<meta name=\"twitter:label2\" content=\"Gesch\u00e4tzte Lesezeit\" \/>\n\t<meta name=\"twitter:data2\" content=\"1 Minute\" \/>\n<script type=\"application\/ld+json\" class=\"yoast-schema-graph\">{\"@context\":\"https:\/\/schema.org\",\"@graph\":[{\"@type\":\"WebPage\",\"@id\":\"http:\/\/kommunikation.gaertnerhkk.de\/?p=104\",\"url\":\"http:\/\/kommunikation.gaertnerhkk.de\/?p=104\",\"name\":\"Erst telefonieren, dann schreiben! - gaertner hkk\",\"isPartOf\":{\"@id\":\"http:\/\/kommunikation.gaertnerhkk.de\/#website\"},\"primaryImageOfPage\":{\"@id\":\"http:\/\/kommunikation.gaertnerhkk.de\/?p=104#primaryimage\"},\"image\":{\"@id\":\"http:\/\/kommunikation.gaertnerhkk.de\/?p=104#primaryimage\"},\"thumbnailUrl\":\"http:\/\/kommunikation.gaertnerhkk.de\/wp-content\/uploads\/2015\/06\/Fotolia_78885265_XS.jpg\",\"datePublished\":\"2015-06-23T10:50:57+00:00\",\"dateModified\":\"2015-07-03T10:36:52+00:00\",\"author\":{\"@id\":\"http:\/\/kommunikation.gaertnerhkk.de\/#\/schema\/person\/d05aaaadef4f18286349e0f161de1cdd\"},\"breadcrumb\":{\"@id\":\"http:\/\/kommunikation.gaertnerhkk.de\/?p=104#breadcrumb\"},\"inLanguage\":\"de-DE\",\"potentialAction\":[{\"@type\":\"ReadAction\",\"target\":[\"http:\/\/kommunikation.gaertnerhkk.de\/?p=104\"]}]},{\"@type\":\"ImageObject\",\"inLanguage\":\"de-DE\",\"@id\":\"http:\/\/kommunikation.gaertnerhkk.de\/?p=104#primaryimage\",\"url\":\"http:\/\/kommunikation.gaertnerhkk.de\/wp-content\/uploads\/2015\/06\/Fotolia_78885265_XS.jpg\",\"contentUrl\":\"http:\/\/kommunikation.gaertnerhkk.de\/wp-content\/uploads\/2015\/06\/Fotolia_78885265_XS.jpg\",\"width\":431,\"height\":279},{\"@type\":\"BreadcrumbList\",\"@id\":\"http:\/\/kommunikation.gaertnerhkk.de\/?p=104#breadcrumb\",\"itemListElement\":[{\"@type\":\"ListItem\",\"position\":1,\"name\":\"Home\",\"item\":\"http:\/\/kommunikation.gaertnerhkk.de\/\"},{\"@type\":\"ListItem\",\"position\":2,\"name\":\"Erst telefonieren, dann schreiben!\"}]},{\"@type\":\"WebSite\",\"@id\":\"http:\/\/kommunikation.gaertnerhkk.de\/#website\",\"url\":\"http:\/\/kommunikation.gaertnerhkk.de\/\",\"name\":\"gaertner hkk\",\"description\":\"Bildungsmanufaktur\",\"potentialAction\":[{\"@type\":\"SearchAction\",\"target\":{\"@type\":\"EntryPoint\",\"urlTemplate\":\"http:\/\/kommunikation.gaertnerhkk.de\/?s={search_term_string}\"},\"query-input\":\"required name=search_term_string\"}],\"inLanguage\":\"de-DE\"},{\"@type\":\"Person\",\"@id\":\"http:\/\/kommunikation.gaertnerhkk.de\/#\/schema\/person\/d05aaaadef4f18286349e0f161de1cdd\",\"name\":\"andrea\",\"sameAs\":[\"http:\/\/gaertnerhkk.de\"]}]}<\/script>\n<!-- \/ Yoast SEO plugin. -->","yoast_head_json":{"title":"Erst telefonieren, dann schreiben! - gaertner hkk","robots":{"index":"index","follow":"follow","max-snippet":"max-snippet:-1","max-image-preview":"max-image-preview:large","max-video-preview":"max-video-preview:-1"},"canonical":"http:\/\/kommunikation.gaertnerhkk.de\/?p=104","og_locale":"de_DE","og_type":"article","og_title":"Erst telefonieren, dann schreiben! - gaertner hkk","og_description":"Wie bereite ich eine telefonische R\u00fcckfrage vor? Meist ist in der Stellenanzeige ein Ansprechpartner und eine Telefonnummer f\u00fcr R\u00fcckfragen angegeben. Wenn Sie dieses Angebot nutzen, ist dies eine telefonische Erstbewerbung . Beachten Sie diese Regeln: \u2022 Rufen Sie nicht spontan an! \u2022 Am besten bereiten Sie sich gut vor und notieren sich, welche konkreten Fragen","og_url":"http:\/\/kommunikation.gaertnerhkk.de\/?p=104","og_site_name":"gaertner hkk","article_publisher":"https:\/\/www.facebook.com\/gaertnerhkk.de","article_published_time":"2015-06-23T10:50:57+00:00","article_modified_time":"2015-07-03T10:36:52+00:00","og_image":[{"width":431,"height":279,"url":"http:\/\/kommunikation.gaertnerhkk.de\/wp-content\/uploads\/2015\/06\/Fotolia_78885265_XS.jpg","type":"image\/jpeg"}],"author":"andrea","twitter_card":"summary_large_image","twitter_misc":{"Verfasst von":"andrea","Gesch\u00e4tzte Lesezeit":"1 Minute"},"schema":{"@context":"https:\/\/schema.org","@graph":[{"@type":"WebPage","@id":"http:\/\/kommunikation.gaertnerhkk.de\/?p=104","url":"http:\/\/kommunikation.gaertnerhkk.de\/?p=104","name":"Erst telefonieren, dann schreiben! - gaertner hkk","isPartOf":{"@id":"http:\/\/kommunikation.gaertnerhkk.de\/#website"},"primaryImageOfPage":{"@id":"http:\/\/kommunikation.gaertnerhkk.de\/?p=104#primaryimage"},"image":{"@id":"http:\/\/kommunikation.gaertnerhkk.de\/?p=104#primaryimage"},"thumbnailUrl":"http:\/\/kommunikation.gaertnerhkk.de\/wp-content\/uploads\/2015\/06\/Fotolia_78885265_XS.jpg","datePublished":"2015-06-23T10:50:57+00:00","dateModified":"2015-07-03T10:36:52+00:00","author":{"@id":"http:\/\/kommunikation.gaertnerhkk.de\/#\/schema\/person\/d05aaaadef4f18286349e0f161de1cdd"},"breadcrumb":{"@id":"http:\/\/kommunikation.gaertnerhkk.de\/?p=104#breadcrumb"},"inLanguage":"de-DE","potentialAction":[{"@type":"ReadAction","target":["http:\/\/kommunikation.gaertnerhkk.de\/?p=104"]}]},{"@type":"ImageObject","inLanguage":"de-DE","@id":"http:\/\/kommunikation.gaertnerhkk.de\/?p=104#primaryimage","url":"http:\/\/kommunikation.gaertnerhkk.de\/wp-content\/uploads\/2015\/06\/Fotolia_78885265_XS.jpg","contentUrl":"http:\/\/kommunikation.gaertnerhkk.de\/wp-content\/uploads\/2015\/06\/Fotolia_78885265_XS.jpg","width":431,"height":279},{"@type":"BreadcrumbList","@id":"http:\/\/kommunikation.gaertnerhkk.de\/?p=104#breadcrumb","itemListElement":[{"@type":"ListItem","position":1,"name":"Home","item":"http:\/\/kommunikation.gaertnerhkk.de\/"},{"@type":"ListItem","position":2,"name":"Erst telefonieren, dann schreiben!"}]},{"@type":"WebSite","@id":"http:\/\/kommunikation.gaertnerhkk.de\/#website","url":"http:\/\/kommunikation.gaertnerhkk.de\/","name":"gaertner hkk","description":"Bildungsmanufaktur","potentialAction":[{"@type":"SearchAction","target":{"@type":"EntryPoint","urlTemplate":"http:\/\/kommunikation.gaertnerhkk.de\/?s={search_term_string}"},"query-input":"required name=search_term_string"}],"inLanguage":"de-DE"},{"@type":"Person","@id":"http:\/\/kommunikation.gaertnerhkk.de\/#\/schema\/person\/d05aaaadef4f18286349e0f161de1cdd","name":"andrea","sameAs":["http:\/\/gaertnerhkk.de"]}]}},"_links":{"self":[{"href":"http:\/\/kommunikation.gaertnerhkk.de\/index.php?rest_route=\/wp\/v2\/posts\/104"}],"collection":[{"href":"http:\/\/kommunikation.gaertnerhkk.de\/index.php?rest_route=\/wp\/v2\/posts"}],"about":[{"href":"http:\/\/kommunikation.gaertnerhkk.de\/index.php?rest_route=\/wp\/v2\/types\/post"}],"author":[{"embeddable":true,"href":"http:\/\/kommunikation.gaertnerhkk.de\/index.php?rest_route=\/wp\/v2\/users\/1"}],"replies":[{"embeddable":true,"href":"http:\/\/kommunikation.gaertnerhkk.de\/index.php?rest_route=%2Fwp%2Fv2%2Fcomments&post=104"}],"version-history":[{"count":8,"href":"http:\/\/kommunikation.gaertnerhkk.de\/index.php?rest_route=\/wp\/v2\/posts\/104\/revisions"}],"predecessor-version":[{"id":526,"href":"http:\/\/kommunikation.gaertnerhkk.de\/index.php?rest_route=\/wp\/v2\/posts\/104\/revisions\/526"}],"wp:featuredmedia":[{"embeddable":true,"href":"http:\/\/kommunikation.gaertnerhkk.de\/index.php?rest_route=\/wp\/v2\/media\/167"}],"wp:attachment":[{"href":"http:\/\/kommunikation.gaertnerhkk.de\/index.php?rest_route=%2Fwp%2Fv2%2Fmedia&parent=104"}],"wp:term":[{"taxonomy":"category","embeddable":true,"href":"http:\/\/kommunikation.gaertnerhkk.de\/index.php?rest_route=%2Fwp%2Fv2%2Fcategories&post=104"},{"taxonomy":"post_tag","embeddable":true,"href":"http:\/\/kommunikation.gaertnerhkk.de\/index.php?rest_route=%2Fwp%2Fv2%2Ftags&post=104"}],"curies":[{"name":"wp","href":"https:\/\/api.w.org\/{rel}","templated":true}]}}