{"id":1056,"date":"2015-10-14T12:25:19","date_gmt":"2015-10-14T12:25:19","guid":{"rendered":"http:\/\/kommunikation.gaertnerhkk.de\/?p=1056"},"modified":"2016-07-26T10:55:04","modified_gmt":"2016-07-26T10:55:04","slug":"mit-ihrem-avgs-in-die-selbstaendigkeit","status":"publish","type":"post","link":"http:\/\/kommunikation.gaertnerhkk.de\/?p=1056","title":{"rendered":"Mit Ihrem AVGS in die Selbst\u00e4ndigkeit !"},"content":{"rendered":"<h2>Aktivierungs- und Vermittlungsgutschein f\u00fcr Ihre Existenzgr\u00fcndung<a id=\"set-post-thumbnail\" class=\"thickbox\" href=\"http:\/\/kommunikation.gaertnerhkk.de\/wp-admin\/media-upload.php?post_id=1056&amp;type=image&amp;TB_iframe=1\"><img loading=\"lazy\" decoding=\"async\" class=\"attachment-266x266 size-266x266 alignright\" src=\"http:\/\/kommunikation.gaertnerhkk.de\/wp-content\/uploads\/2015\/10\/Fotolia_37815848_XS.jpg\" sizes=\"(max-width: 266px) 100vw, 266px\" srcset=\"http:\/\/kommunikation.gaertnerhkk.de\/wp-content\/uploads\/2015\/10\/Fotolia_37815848_XS.jpg 425w, http:\/\/kommunikation.gaertnerhkk.de\/wp-content\/uploads\/2015\/10\/Fotolia_37815848_XS-300x200.jpg 300w\" alt=\"Fortbildung\" width=\"266\" height=\"177\" \/><\/a><\/h2>\n<p>Der AVGS als F\u00f6rderma\u00dfnahme<\/p>\n<p>Vor allem durch die Vielfalt der m\u00f6glichen Ma\u00dfnahmen und die solide Unterst\u00fctzung bei Gr\u00fcndungen aus der Arbeitslosigkeit oder bei drohender Arbeitslosigkeit ist der AVGS f\u00fcr viele Gr\u00fcnder interessant.<\/p>\n<h3>AVGS f\u00fcr Gr\u00fcnder: Voraussetzungen<\/h3>\n<p>F\u00fcr eine F\u00f6rderung der Selbst\u00e4ndigkeit und die Beratungsf\u00f6rderung gelten dabei erg\u00e4nzende Voraussetzungen.<\/p>\n<ul>\n<li>AVGS steht allen von Arbeitslosigkeit bedrohten \u2013<br \/>\nwie etwa Arbeitnehmer vor Ende der Befristung oder in K\u00fcndigung \u2013 Gr\u00fcndern,<\/li>\n<li>allen Berufsr\u00fcckkehrern,<\/li>\n<li>Ausbildungssuchenden und<\/li>\n<li>Hochschulabsolventen zur Verf\u00fcgung.\n<p class=\"hide-if-no-js\">\n<\/li>\n<\/ul>\n<p>Das macht den AVGS zu einer wichtigen F\u00f6rderma\u00dfnahme f\u00fcr sehr viele, die gr\u00fcnden wollen! Ein effektive Beartungsf\u00f6rderung.<\/p>\n<p>&nbsp;<\/p>\n<p><a href=\"http:\/\/www.beratungsdienst-paulisch.de\/#!aktivierungs--und-vermittlungsgutschein\/c191a\">Hier Antragsformular herunterladen!<\/a><\/p>\n","protected":false},"excerpt":{"rendered":"Aktivierungs- und Vermittlungsgutschein f\u00fcr Ihre Existenzgr\u00fcndung Der AVGS als F\u00f6rderma\u00dfnahme Vor allem durch die Vielfalt der m\u00f6glichen Ma\u00dfnahmen und die solide Unterst\u00fctzung bei Gr\u00fcndungen aus der Arbeitslosigkeit oder bei drohender Arbeitslosigkeit ist der AVGS f\u00fcr viele Gr\u00fcnder interessant. AVGS f\u00fcr Gr\u00fcnder: Voraussetzungen F\u00fcr eine F\u00f6rderung der Selbst\u00e4ndigkeit und die Beratungsf\u00f6rderung gelten dabei erg\u00e4nzende Voraussetzungen. AVGS ","protected":false},"author":1,"featured_media":1316,"comment_status":"open","ping_status":"open","sticky":false,"template":"","format":"standard","meta":{"footnotes":""},"categories":[1],"tags":[],"class_list":["post-1056","post","type-post","status-publish","format-standard","has-post-thumbnail","hentry","category-infos-zu-bildung"],"yoast_head":"<!-- This site is optimized with the Yoast SEO plugin v23.1 - https:\/\/yoast.com\/wordpress\/plugins\/seo\/ -->\n<title>Mit Ihrem AVGS in die Selbst\u00e4ndigkeit ! - gaertner hkk<\/title>\n<meta name=\"robots\" content=\"index, follow, max-snippet:-1, max-image-preview:large, max-video-preview:-1\" \/>\n<link rel=\"canonical\" href=\"http:\/\/kommunikation.gaertnerhkk.de\/?p=1056\" \/>\n<meta property=\"og:locale\" content=\"de_DE\" \/>\n<meta property=\"og:type\" content=\"article\" \/>\n<meta property=\"og:title\" content=\"Mit Ihrem AVGS in die Selbst\u00e4ndigkeit ! - gaertner hkk\" \/>\n<meta property=\"og:description\" content=\"Aktivierungs- und Vermittlungsgutschein f\u00fcr Ihre Existenzgr\u00fcndung Der AVGS als F\u00f6rderma\u00dfnahme Vor allem durch die Vielfalt der m\u00f6glichen Ma\u00dfnahmen und die solide Unterst\u00fctzung bei Gr\u00fcndungen aus der Arbeitslosigkeit oder bei drohender Arbeitslosigkeit ist der AVGS f\u00fcr viele Gr\u00fcnder interessant. AVGS f\u00fcr Gr\u00fcnder: Voraussetzungen F\u00fcr eine F\u00f6rderung der Selbst\u00e4ndigkeit und die Beratungsf\u00f6rderung gelten dabei erg\u00e4nzende Voraussetzungen. AVGS\" \/>\n<meta property=\"og:url\" content=\"http:\/\/kommunikation.gaertnerhkk.de\/?p=1056\" \/>\n<meta property=\"og:site_name\" content=\"gaertner hkk\" \/>\n<meta property=\"article:publisher\" content=\"https:\/\/www.facebook.com\/gaertnerhkk.de\" \/>\n<meta property=\"article:published_time\" content=\"2015-10-14T12:25:19+00:00\" \/>\n<meta property=\"article:modified_time\" content=\"2016-07-26T10:55:04+00:00\" \/>\n<meta property=\"og:image\" content=\"http:\/\/kommunikation.gaertnerhkk.de\/wp-content\/uploads\/2015\/10\/Fotolia_37815848_XS.jpg\" \/>\n\t<meta property=\"og:image:width\" content=\"425\" \/>\n\t<meta property=\"og:image:height\" content=\"283\" \/>\n\t<meta property=\"og:image:type\" content=\"image\/jpeg\" \/>\n<meta name=\"author\" content=\"andrea\" \/>\n<meta name=\"twitter:card\" content=\"summary_large_image\" \/>\n<meta name=\"twitter:label1\" content=\"Verfasst von\" \/>\n\t<meta name=\"twitter:data1\" content=\"andrea\" \/>\n\t<meta name=\"twitter:label2\" content=\"Gesch\u00e4tzte Lesezeit\" \/>\n\t<meta name=\"twitter:data2\" content=\"1 Minute\" \/>\n<script type=\"application\/ld+json\" class=\"yoast-schema-graph\">{\"@context\":\"https:\/\/schema.org\",\"@graph\":[{\"@type\":\"WebPage\",\"@id\":\"http:\/\/kommunikation.gaertnerhkk.de\/?p=1056\",\"url\":\"http:\/\/kommunikation.gaertnerhkk.de\/?p=1056\",\"name\":\"Mit Ihrem AVGS in die Selbst\u00e4ndigkeit ! - gaertner hkk\",\"isPartOf\":{\"@id\":\"http:\/\/kommunikation.gaertnerhkk.de\/#website\"},\"primaryImageOfPage\":{\"@id\":\"http:\/\/kommunikation.gaertnerhkk.de\/?p=1056#primaryimage\"},\"image\":{\"@id\":\"http:\/\/kommunikation.gaertnerhkk.de\/?p=1056#primaryimage\"},\"thumbnailUrl\":\"http:\/\/kommunikation.gaertnerhkk.de\/wp-content\/uploads\/2015\/10\/Fotolia_37815848_XS.jpg\",\"datePublished\":\"2015-10-14T12:25:19+00:00\",\"dateModified\":\"2016-07-26T10:55:04+00:00\",\"author\":{\"@id\":\"http:\/\/kommunikation.gaertnerhkk.de\/#\/schema\/person\/d05aaaadef4f18286349e0f161de1cdd\"},\"breadcrumb\":{\"@id\":\"http:\/\/kommunikation.gaertnerhkk.de\/?p=1056#breadcrumb\"},\"inLanguage\":\"de-DE\",\"potentialAction\":[{\"@type\":\"ReadAction\",\"target\":[\"http:\/\/kommunikation.gaertnerhkk.de\/?p=1056\"]}]},{\"@type\":\"ImageObject\",\"inLanguage\":\"de-DE\",\"@id\":\"http:\/\/kommunikation.gaertnerhkk.de\/?p=1056#primaryimage\",\"url\":\"http:\/\/kommunikation.gaertnerhkk.de\/wp-content\/uploads\/2015\/10\/Fotolia_37815848_XS.jpg\",\"contentUrl\":\"http:\/\/kommunikation.gaertnerhkk.de\/wp-content\/uploads\/2015\/10\/Fotolia_37815848_XS.jpg\",\"width\":425,\"height\":283},{\"@type\":\"BreadcrumbList\",\"@id\":\"http:\/\/kommunikation.gaertnerhkk.de\/?p=1056#breadcrumb\",\"itemListElement\":[{\"@type\":\"ListItem\",\"position\":1,\"name\":\"Home\",\"item\":\"http:\/\/kommunikation.gaertnerhkk.de\/\"},{\"@type\":\"ListItem\",\"position\":2,\"name\":\"Mit Ihrem AVGS in die Selbst\u00e4ndigkeit !\"}]},{\"@type\":\"WebSite\",\"@id\":\"http:\/\/kommunikation.gaertnerhkk.de\/#website\",\"url\":\"http:\/\/kommunikation.gaertnerhkk.de\/\",\"name\":\"gaertner hkk\",\"description\":\"Bildungsmanufaktur\",\"potentialAction\":[{\"@type\":\"SearchAction\",\"target\":{\"@type\":\"EntryPoint\",\"urlTemplate\":\"http:\/\/kommunikation.gaertnerhkk.de\/?s={search_term_string}\"},\"query-input\":\"required name=search_term_string\"}],\"inLanguage\":\"de-DE\"},{\"@type\":\"Person\",\"@id\":\"http:\/\/kommunikation.gaertnerhkk.de\/#\/schema\/person\/d05aaaadef4f18286349e0f161de1cdd\",\"name\":\"andrea\",\"sameAs\":[\"http:\/\/gaertnerhkk.de\"]}]}<\/script>\n<!-- \/ Yoast SEO plugin. -->","yoast_head_json":{"title":"Mit Ihrem AVGS in die Selbst\u00e4ndigkeit ! - gaertner hkk","robots":{"index":"index","follow":"follow","max-snippet":"max-snippet:-1","max-image-preview":"max-image-preview:large","max-video-preview":"max-video-preview:-1"},"canonical":"http:\/\/kommunikation.gaertnerhkk.de\/?p=1056","og_locale":"de_DE","og_type":"article","og_title":"Mit Ihrem AVGS in die Selbst\u00e4ndigkeit ! - gaertner hkk","og_description":"Aktivierungs- und Vermittlungsgutschein f\u00fcr Ihre Existenzgr\u00fcndung Der AVGS als F\u00f6rderma\u00dfnahme Vor allem durch die Vielfalt der m\u00f6glichen Ma\u00dfnahmen und die solide Unterst\u00fctzung bei Gr\u00fcndungen aus der Arbeitslosigkeit oder bei drohender Arbeitslosigkeit ist der AVGS f\u00fcr viele Gr\u00fcnder interessant. AVGS f\u00fcr Gr\u00fcnder: Voraussetzungen F\u00fcr eine F\u00f6rderung der Selbst\u00e4ndigkeit und die Beratungsf\u00f6rderung gelten dabei erg\u00e4nzende Voraussetzungen. AVGS","og_url":"http:\/\/kommunikation.gaertnerhkk.de\/?p=1056","og_site_name":"gaertner hkk","article_publisher":"https:\/\/www.facebook.com\/gaertnerhkk.de","article_published_time":"2015-10-14T12:25:19+00:00","article_modified_time":"2016-07-26T10:55:04+00:00","og_image":[{"width":425,"height":283,"url":"http:\/\/kommunikation.gaertnerhkk.de\/wp-content\/uploads\/2015\/10\/Fotolia_37815848_XS.jpg","type":"image\/jpeg"}],"author":"andrea","twitter_card":"summary_large_image","twitter_misc":{"Verfasst von":"andrea","Gesch\u00e4tzte Lesezeit":"1 Minute"},"schema":{"@context":"https:\/\/schema.org","@graph":[{"@type":"WebPage","@id":"http:\/\/kommunikation.gaertnerhkk.de\/?p=1056","url":"http:\/\/kommunikation.gaertnerhkk.de\/?p=1056","name":"Mit Ihrem AVGS in die Selbst\u00e4ndigkeit ! - gaertner hkk","isPartOf":{"@id":"http:\/\/kommunikation.gaertnerhkk.de\/#website"},"primaryImageOfPage":{"@id":"http:\/\/kommunikation.gaertnerhkk.de\/?p=1056#primaryimage"},"image":{"@id":"http:\/\/kommunikation.gaertnerhkk.de\/?p=1056#primaryimage"},"thumbnailUrl":"http:\/\/kommunikation.gaertnerhkk.de\/wp-content\/uploads\/2015\/10\/Fotolia_37815848_XS.jpg","datePublished":"2015-10-14T12:25:19+00:00","dateModified":"2016-07-26T10:55:04+00:00","author":{"@id":"http:\/\/kommunikation.gaertnerhkk.de\/#\/schema\/person\/d05aaaadef4f18286349e0f161de1cdd"},"breadcrumb":{"@id":"http:\/\/kommunikation.gaertnerhkk.de\/?p=1056#breadcrumb"},"inLanguage":"de-DE","potentialAction":[{"@type":"ReadAction","target":["http:\/\/kommunikation.gaertnerhkk.de\/?p=1056"]}]},{"@type":"ImageObject","inLanguage":"de-DE","@id":"http:\/\/kommunikation.gaertnerhkk.de\/?p=1056#primaryimage","url":"http:\/\/kommunikation.gaertnerhkk.de\/wp-content\/uploads\/2015\/10\/Fotolia_37815848_XS.jpg","contentUrl":"http:\/\/kommunikation.gaertnerhkk.de\/wp-content\/uploads\/2015\/10\/Fotolia_37815848_XS.jpg","width":425,"height":283},{"@type":"BreadcrumbList","@id":"http:\/\/kommunikation.gaertnerhkk.de\/?p=1056#breadcrumb","itemListElement":[{"@type":"ListItem","position":1,"name":"Home","item":"http:\/\/kommunikation.gaertnerhkk.de\/"},{"@type":"ListItem","position":2,"name":"Mit Ihrem AVGS in die Selbst\u00e4ndigkeit !"}]},{"@type":"WebSite","@id":"http:\/\/kommunikation.gaertnerhkk.de\/#website","url":"http:\/\/kommunikation.gaertnerhkk.de\/","name":"gaertner hkk","description":"Bildungsmanufaktur","potentialAction":[{"@type":"SearchAction","target":{"@type":"EntryPoint","urlTemplate":"http:\/\/kommunikation.gaertnerhkk.de\/?s={search_term_string}"},"query-input":"required name=search_term_string"}],"inLanguage":"de-DE"},{"@type":"Person","@id":"http:\/\/kommunikation.gaertnerhkk.de\/#\/schema\/person\/d05aaaadef4f18286349e0f161de1cdd","name":"andrea","sameAs":["http:\/\/gaertnerhkk.de"]}]}},"_links":{"self":[{"href":"http:\/\/kommunikation.gaertnerhkk.de\/index.php?rest_route=\/wp\/v2\/posts\/1056"}],"collection":[{"href":"http:\/\/kommunikation.gaertnerhkk.de\/index.php?rest_route=\/wp\/v2\/posts"}],"about":[{"href":"http:\/\/kommunikation.gaertnerhkk.de\/index.php?rest_route=\/wp\/v2\/types\/post"}],"author":[{"embeddable":true,"href":"http:\/\/kommunikation.gaertnerhkk.de\/index.php?rest_route=\/wp\/v2\/users\/1"}],"replies":[{"embeddable":true,"href":"http:\/\/kommunikation.gaertnerhkk.de\/index.php?rest_route=%2Fwp%2Fv2%2Fcomments&post=1056"}],"version-history":[{"count":5,"href":"http:\/\/kommunikation.gaertnerhkk.de\/index.php?rest_route=\/wp\/v2\/posts\/1056\/revisions"}],"predecessor-version":[{"id":1317,"href":"http:\/\/kommunikation.gaertnerhkk.de\/index.php?rest_route=\/wp\/v2\/posts\/1056\/revisions\/1317"}],"wp:featuredmedia":[{"embeddable":true,"href":"http:\/\/kommunikation.gaertnerhkk.de\/index.php?rest_route=\/wp\/v2\/media\/1316"}],"wp:attachment":[{"href":"http:\/\/kommunikation.gaertnerhkk.de\/index.php?rest_route=%2Fwp%2Fv2%2Fmedia&parent=1056"}],"wp:term":[{"taxonomy":"category","embeddable":true,"href":"http:\/\/kommunikation.gaertnerhkk.de\/index.php?rest_route=%2Fwp%2Fv2%2Fcategories&post=1056"},{"taxonomy":"post_tag","embeddable":true,"href":"http:\/\/kommunikation.gaertnerhkk.de\/index.php?rest_route=%2Fwp%2Fv2%2Ftags&post=1056"}],"curies":[{"name":"wp","href":"https:\/\/api.w.org\/{rel}","templated":true}]}}