{"id":1092,"date":"2015-11-25T13:29:39","date_gmt":"2015-11-25T13:29:39","guid":{"rendered":"http:\/\/kommunikation.gaertnerhkk.de\/?p=1092"},"modified":"2016-07-26T09:06:13","modified_gmt":"2016-07-26T09:06:13","slug":"profilpass-fuer-junge-menschen-2","status":"publish","type":"post","link":"http:\/\/kommunikation.gaertnerhkk.de\/?p=1092","title":{"rendered":"ProfilPASS f\u00fcr junge Menschen"},"content":{"rendered":"<p>Der ProfilPASS ist ein Instrument, um das eigenen Leben systematisch zu betrachten. Sie erfassen Ihre Kompetenzen und F\u00e4higkeiten und lernen, sie richtig einzusch\u00e4tzen. Der ProfilPASS fragt auch nach Erfahrungen aus <a id=\"set-post-thumbnail\" class=\"thickbox\" href=\"http:\/\/kommunikation.gaertnerhkk.de\/wp-admin\/media-upload.php?post_id=1092&amp;type=image&amp;TB_iframe=1\"><img loading=\"lazy\" decoding=\"async\" class=\"attachment-266x266 size-266x266 alignright\" src=\"http:\/\/kommunikation.gaertnerhkk.de\/wp-content\/uploads\/2015\/11\/ppj_banner.gif\" alt=\"ppj_banner\" width=\"199\" height=\"83\" \/><\/a>Familie, Freizeit, Arbeitsleben oder Ehrenamt, denn die geh\u00f6ren genauso zu Ihrem Qualifikationsprofil wie die formalen Abschl\u00fcsse.<\/p>\n<h2 class=\"iko-haken\">Wie entdecken Sie Ihre Kompetenzen mit dem ProfilPASS?<\/h2>\n<p><strong><span class=\"strongblue\">Mein Leben \u2013 ein \u00dcberblick<\/span><\/strong><br \/>\nDer ProfilPASS beginnt mit einer R\u00fcckschau. Was haben Sie gelernt? Wo haben Sie Ihre Erfahrungen gemacht? Und: Was davon erscheint Ihnen heute wichtig?<\/p>\n<p><strong class=\"strongblue\">Meine T\u00e4tigkeiten \u2013 eine Dokumentation<\/strong><br \/>\nEs geht um alles, was Sie in Ihrem Leben gemacht haben: Schule, Arbeit, Ehrenamt, Freizeit oder Kindererziehung. Was machen Sie gern und was k\u00f6nnen Sie gut? In diesen allt\u00e4glichen Dingen zeigen sich Ihre F\u00e4hgkeiten und Komptenzen.<\/p>\n<p><strong class=\"strongblue\">Meine Kompetenzen \u2013 eine Bilanz<\/strong><br \/>\nZiehen Sie Bilanz und erstellen Sie eine \u00dcbersicht Ihrer besonderen F\u00e4higkeiten und Kompetenzen.<\/p>\n<p class=\"hide-if-no-js\">\n<p><strong><span class=\"strongblue\">Meine Ziele \u2013 und die n\u00e4chsten Schritte<\/span><\/strong><br \/>\nNutzen Sie Ihre Erkenntnisse f\u00fcr Ihre weitere Lebensplanung: Was sind Ihre W\u00fcnsche und pers\u00f6nlichen Ziele? Was m\u00f6chten Sie beruflich tun und welche Interessen m\u00f6chten Sie weiter verfolgen?<\/p>\n","protected":false},"excerpt":{"rendered":"Der ProfilPASS ist ein Instrument, um das eigenen Leben systematisch zu betrachten. Sie erfassen Ihre Kompetenzen und F\u00e4higkeiten und lernen, sie richtig einzusch\u00e4tzen. Der ProfilPASS fragt auch nach Erfahrungen aus Familie, Freizeit, Arbeitsleben oder Ehrenamt, denn die geh\u00f6ren genauso zu Ihrem Qualifikationsprofil wie die formalen Abschl\u00fcsse. Wie entdecken Sie Ihre Kompetenzen mit dem ProfilPASS? Mein ","protected":false},"author":1,"featured_media":1297,"comment_status":"open","ping_status":"open","sticky":false,"template":"","format":"standard","meta":{"footnotes":""},"categories":[1],"tags":[],"class_list":["post-1092","post","type-post","status-publish","format-standard","has-post-thumbnail","hentry","category-infos-zu-bildung"],"yoast_head":"<!-- This site is optimized with the Yoast SEO plugin v23.1 - https:\/\/yoast.com\/wordpress\/plugins\/seo\/ -->\n<title>ProfilPASS f\u00fcr junge Menschen - gaertner hkk<\/title>\n<meta name=\"robots\" content=\"index, follow, max-snippet:-1, max-image-preview:large, max-video-preview:-1\" \/>\n<link rel=\"canonical\" href=\"http:\/\/kommunikation.gaertnerhkk.de\/?p=1092\" \/>\n<meta property=\"og:locale\" content=\"de_DE\" \/>\n<meta property=\"og:type\" content=\"article\" \/>\n<meta property=\"og:title\" content=\"ProfilPASS f\u00fcr junge Menschen - gaertner hkk\" \/>\n<meta property=\"og:description\" content=\"Der ProfilPASS ist ein Instrument, um das eigenen Leben systematisch zu betrachten. Sie erfassen Ihre Kompetenzen und F\u00e4higkeiten und lernen, sie richtig einzusch\u00e4tzen. Der ProfilPASS fragt auch nach Erfahrungen aus Familie, Freizeit, Arbeitsleben oder Ehrenamt, denn die geh\u00f6ren genauso zu Ihrem Qualifikationsprofil wie die formalen Abschl\u00fcsse. Wie entdecken Sie Ihre Kompetenzen mit dem ProfilPASS? Mein\" \/>\n<meta property=\"og:url\" content=\"http:\/\/kommunikation.gaertnerhkk.de\/?p=1092\" \/>\n<meta property=\"og:site_name\" content=\"gaertner hkk\" \/>\n<meta property=\"article:publisher\" content=\"https:\/\/www.facebook.com\/gaertnerhkk.de\" \/>\n<meta property=\"article:published_time\" content=\"2015-11-25T13:29:39+00:00\" \/>\n<meta property=\"article:modified_time\" content=\"2016-07-26T09:06:13+00:00\" \/>\n<meta property=\"og:image\" content=\"http:\/\/kommunikation.gaertnerhkk.de\/wp-content\/uploads\/2015\/11\/ppj_banner.gif\" \/>\n\t<meta property=\"og:image:width\" content=\"199\" \/>\n\t<meta property=\"og:image:height\" content=\"83\" \/>\n\t<meta property=\"og:image:type\" content=\"image\/gif\" \/>\n<meta name=\"author\" content=\"andrea\" \/>\n<meta name=\"twitter:card\" content=\"summary_large_image\" \/>\n<meta name=\"twitter:label1\" content=\"Verfasst von\" \/>\n\t<meta name=\"twitter:data1\" content=\"andrea\" \/>\n\t<meta name=\"twitter:label2\" content=\"Gesch\u00e4tzte Lesezeit\" \/>\n\t<meta name=\"twitter:data2\" content=\"1 Minute\" \/>\n<script type=\"application\/ld+json\" class=\"yoast-schema-graph\">{\"@context\":\"https:\/\/schema.org\",\"@graph\":[{\"@type\":\"WebPage\",\"@id\":\"http:\/\/kommunikation.gaertnerhkk.de\/?p=1092\",\"url\":\"http:\/\/kommunikation.gaertnerhkk.de\/?p=1092\",\"name\":\"ProfilPASS f\u00fcr junge Menschen - gaertner hkk\",\"isPartOf\":{\"@id\":\"http:\/\/kommunikation.gaertnerhkk.de\/#website\"},\"primaryImageOfPage\":{\"@id\":\"http:\/\/kommunikation.gaertnerhkk.de\/?p=1092#primaryimage\"},\"image\":{\"@id\":\"http:\/\/kommunikation.gaertnerhkk.de\/?p=1092#primaryimage\"},\"thumbnailUrl\":\"http:\/\/kommunikation.gaertnerhkk.de\/wp-content\/uploads\/2015\/11\/ppj_banner.gif\",\"datePublished\":\"2015-11-25T13:29:39+00:00\",\"dateModified\":\"2016-07-26T09:06:13+00:00\",\"author\":{\"@id\":\"http:\/\/kommunikation.gaertnerhkk.de\/#\/schema\/person\/d05aaaadef4f18286349e0f161de1cdd\"},\"breadcrumb\":{\"@id\":\"http:\/\/kommunikation.gaertnerhkk.de\/?p=1092#breadcrumb\"},\"inLanguage\":\"de-DE\",\"potentialAction\":[{\"@type\":\"ReadAction\",\"target\":[\"http:\/\/kommunikation.gaertnerhkk.de\/?p=1092\"]}]},{\"@type\":\"ImageObject\",\"inLanguage\":\"de-DE\",\"@id\":\"http:\/\/kommunikation.gaertnerhkk.de\/?p=1092#primaryimage\",\"url\":\"http:\/\/kommunikation.gaertnerhkk.de\/wp-content\/uploads\/2015\/11\/ppj_banner.gif\",\"contentUrl\":\"http:\/\/kommunikation.gaertnerhkk.de\/wp-content\/uploads\/2015\/11\/ppj_banner.gif\",\"width\":199,\"height\":83},{\"@type\":\"BreadcrumbList\",\"@id\":\"http:\/\/kommunikation.gaertnerhkk.de\/?p=1092#breadcrumb\",\"itemListElement\":[{\"@type\":\"ListItem\",\"position\":1,\"name\":\"Home\",\"item\":\"http:\/\/kommunikation.gaertnerhkk.de\/\"},{\"@type\":\"ListItem\",\"position\":2,\"name\":\"ProfilPASS f\u00fcr junge Menschen\"}]},{\"@type\":\"WebSite\",\"@id\":\"http:\/\/kommunikation.gaertnerhkk.de\/#website\",\"url\":\"http:\/\/kommunikation.gaertnerhkk.de\/\",\"name\":\"gaertner hkk\",\"description\":\"Bildungsmanufaktur\",\"potentialAction\":[{\"@type\":\"SearchAction\",\"target\":{\"@type\":\"EntryPoint\",\"urlTemplate\":\"http:\/\/kommunikation.gaertnerhkk.de\/?s={search_term_string}\"},\"query-input\":\"required name=search_term_string\"}],\"inLanguage\":\"de-DE\"},{\"@type\":\"Person\",\"@id\":\"http:\/\/kommunikation.gaertnerhkk.de\/#\/schema\/person\/d05aaaadef4f18286349e0f161de1cdd\",\"name\":\"andrea\",\"sameAs\":[\"http:\/\/gaertnerhkk.de\"]}]}<\/script>\n<!-- \/ Yoast SEO plugin. -->","yoast_head_json":{"title":"ProfilPASS f\u00fcr junge Menschen - gaertner hkk","robots":{"index":"index","follow":"follow","max-snippet":"max-snippet:-1","max-image-preview":"max-image-preview:large","max-video-preview":"max-video-preview:-1"},"canonical":"http:\/\/kommunikation.gaertnerhkk.de\/?p=1092","og_locale":"de_DE","og_type":"article","og_title":"ProfilPASS f\u00fcr junge Menschen - gaertner hkk","og_description":"Der ProfilPASS ist ein Instrument, um das eigenen Leben systematisch zu betrachten. Sie erfassen Ihre Kompetenzen und F\u00e4higkeiten und lernen, sie richtig einzusch\u00e4tzen. Der ProfilPASS fragt auch nach Erfahrungen aus Familie, Freizeit, Arbeitsleben oder Ehrenamt, denn die geh\u00f6ren genauso zu Ihrem Qualifikationsprofil wie die formalen Abschl\u00fcsse. Wie entdecken Sie Ihre Kompetenzen mit dem ProfilPASS? Mein","og_url":"http:\/\/kommunikation.gaertnerhkk.de\/?p=1092","og_site_name":"gaertner hkk","article_publisher":"https:\/\/www.facebook.com\/gaertnerhkk.de","article_published_time":"2015-11-25T13:29:39+00:00","article_modified_time":"2016-07-26T09:06:13+00:00","og_image":[{"width":199,"height":83,"url":"http:\/\/kommunikation.gaertnerhkk.de\/wp-content\/uploads\/2015\/11\/ppj_banner.gif","type":"image\/gif"}],"author":"andrea","twitter_card":"summary_large_image","twitter_misc":{"Verfasst von":"andrea","Gesch\u00e4tzte Lesezeit":"1 Minute"},"schema":{"@context":"https:\/\/schema.org","@graph":[{"@type":"WebPage","@id":"http:\/\/kommunikation.gaertnerhkk.de\/?p=1092","url":"http:\/\/kommunikation.gaertnerhkk.de\/?p=1092","name":"ProfilPASS f\u00fcr junge Menschen - gaertner hkk","isPartOf":{"@id":"http:\/\/kommunikation.gaertnerhkk.de\/#website"},"primaryImageOfPage":{"@id":"http:\/\/kommunikation.gaertnerhkk.de\/?p=1092#primaryimage"},"image":{"@id":"http:\/\/kommunikation.gaertnerhkk.de\/?p=1092#primaryimage"},"thumbnailUrl":"http:\/\/kommunikation.gaertnerhkk.de\/wp-content\/uploads\/2015\/11\/ppj_banner.gif","datePublished":"2015-11-25T13:29:39+00:00","dateModified":"2016-07-26T09:06:13+00:00","author":{"@id":"http:\/\/kommunikation.gaertnerhkk.de\/#\/schema\/person\/d05aaaadef4f18286349e0f161de1cdd"},"breadcrumb":{"@id":"http:\/\/kommunikation.gaertnerhkk.de\/?p=1092#breadcrumb"},"inLanguage":"de-DE","potentialAction":[{"@type":"ReadAction","target":["http:\/\/kommunikation.gaertnerhkk.de\/?p=1092"]}]},{"@type":"ImageObject","inLanguage":"de-DE","@id":"http:\/\/kommunikation.gaertnerhkk.de\/?p=1092#primaryimage","url":"http:\/\/kommunikation.gaertnerhkk.de\/wp-content\/uploads\/2015\/11\/ppj_banner.gif","contentUrl":"http:\/\/kommunikation.gaertnerhkk.de\/wp-content\/uploads\/2015\/11\/ppj_banner.gif","width":199,"height":83},{"@type":"BreadcrumbList","@id":"http:\/\/kommunikation.gaertnerhkk.de\/?p=1092#breadcrumb","itemListElement":[{"@type":"ListItem","position":1,"name":"Home","item":"http:\/\/kommunikation.gaertnerhkk.de\/"},{"@type":"ListItem","position":2,"name":"ProfilPASS f\u00fcr junge Menschen"}]},{"@type":"WebSite","@id":"http:\/\/kommunikation.gaertnerhkk.de\/#website","url":"http:\/\/kommunikation.gaertnerhkk.de\/","name":"gaertner hkk","description":"Bildungsmanufaktur","potentialAction":[{"@type":"SearchAction","target":{"@type":"EntryPoint","urlTemplate":"http:\/\/kommunikation.gaertnerhkk.de\/?s={search_term_string}"},"query-input":"required name=search_term_string"}],"inLanguage":"de-DE"},{"@type":"Person","@id":"http:\/\/kommunikation.gaertnerhkk.de\/#\/schema\/person\/d05aaaadef4f18286349e0f161de1cdd","name":"andrea","sameAs":["http:\/\/gaertnerhkk.de"]}]}},"_links":{"self":[{"href":"http:\/\/kommunikation.gaertnerhkk.de\/index.php?rest_route=\/wp\/v2\/posts\/1092"}],"collection":[{"href":"http:\/\/kommunikation.gaertnerhkk.de\/index.php?rest_route=\/wp\/v2\/posts"}],"about":[{"href":"http:\/\/kommunikation.gaertnerhkk.de\/index.php?rest_route=\/wp\/v2\/types\/post"}],"author":[{"embeddable":true,"href":"http:\/\/kommunikation.gaertnerhkk.de\/index.php?rest_route=\/wp\/v2\/users\/1"}],"replies":[{"embeddable":true,"href":"http:\/\/kommunikation.gaertnerhkk.de\/index.php?rest_route=%2Fwp%2Fv2%2Fcomments&post=1092"}],"version-history":[{"count":4,"href":"http:\/\/kommunikation.gaertnerhkk.de\/index.php?rest_route=\/wp\/v2\/posts\/1092\/revisions"}],"predecessor-version":[{"id":1298,"href":"http:\/\/kommunikation.gaertnerhkk.de\/index.php?rest_route=\/wp\/v2\/posts\/1092\/revisions\/1298"}],"wp:featuredmedia":[{"embeddable":true,"href":"http:\/\/kommunikation.gaertnerhkk.de\/index.php?rest_route=\/wp\/v2\/media\/1297"}],"wp:attachment":[{"href":"http:\/\/kommunikation.gaertnerhkk.de\/index.php?rest_route=%2Fwp%2Fv2%2Fmedia&parent=1092"}],"wp:term":[{"taxonomy":"category","embeddable":true,"href":"http:\/\/kommunikation.gaertnerhkk.de\/index.php?rest_route=%2Fwp%2Fv2%2Fcategories&post=1092"},{"taxonomy":"post_tag","embeddable":true,"href":"http:\/\/kommunikation.gaertnerhkk.de\/index.php?rest_route=%2Fwp%2Fv2%2Ftags&post=1092"}],"curies":[{"name":"wp","href":"https:\/\/api.w.org\/{rel}","templated":true}]}}