{"id":1141,"date":"2016-01-20T13:02:46","date_gmt":"2016-01-20T13:02:46","guid":{"rendered":"http:\/\/kommunikation.gaertnerhkk.de\/?p=1141"},"modified":"2016-01-20T13:32:30","modified_gmt":"2016-01-20T13:32:30","slug":"deutsch-einstiegskurs","status":"publish","type":"post","link":"http:\/\/kommunikation.gaertnerhkk.de\/?p=1141","title":{"rendered":"Deutsch Einstiegskurs"},"content":{"rendered":"<p class=\"hide-if-no-js\"><strong><a id=\"set-post-thumbnail\" class=\"thickbox\" title=\"Beitragsbild festlegen\" href=\"http:\/\/kommunikation.gaertnerhkk.de\/wp-admin\/media-upload.php?post_id=1141&amp;type=image&amp;TB_iframe=1\"><img loading=\"lazy\" decoding=\"async\" class=\"attachment-266x266 alignright\" src=\"http:\/\/kommunikation.gaertnerhkk.de\/wp-content\/uploads\/2016\/01\/12607379_611237219024547_1638407601_n-768x432.jpg\" sizes=\"(max-width: 266px) 100vw, 266px\" srcset=\"http:\/\/kommunikation.gaertnerhkk.de\/wp-content\/uploads\/2016\/01\/12607379_611237219024547_1638407601_n-300x169.jpg 300w, http:\/\/kommunikation.gaertnerhkk.de\/wp-content\/uploads\/2016\/01\/12607379_611237219024547_1638407601_n-768x432.jpg 768w, http:\/\/kommunikation.gaertnerhkk.de\/wp-content\/uploads\/2016\/01\/12607379_611237219024547_1638407601_n.jpg 960w\" alt=\"12607379_611237219024547_1638407601_n\" width=\"311\" height=\"175\" \/><\/a>Der erste Winter in Deutschland &#8211;<br \/>\nTja, da f\u00e4llt die Pause schon mal kurz und k\u00fcrzer aus \ud83d\ude42 und der eine oder andere bleibt lieber in der Klasse &#8230;.<br \/>\n<\/strong><\/p>\n<p><strong>\u00a0Lerninhalte:<\/strong> heute<\/p>\n<ul>\n<li>Sitten und Gebr\u00e4uche in Deutschland, Einkaufen, Arbeiten in Deutschland<\/li>\n<li>Heute Sprach\u00fcbung &#8211; ch sch sh &#8211; \u00e4 \u00f6 \u00fc &#8211; ei ai &#8230;.<\/li>\n<\/ul>\n<p>Nicht nur Haushalt, Charlotten, China, Chemie, Hans und H\u00e4nschen, sondern &#8230;<\/p>\n<p>&#8230; awwer aach, (natirelisch nur no da Schohl) *(Quelle: http:\/<a href=\"http:\/\/www.reinhard-buerck.de\/waltraud_schwambach\/misc\/saarland\/woerterbuch\/s.htm\">\/www.reinhard-buerck.de\/waltraud_schwambach\/misc\/saarland\/woerterbuch\/s.htm)<\/a><\/p>\n<p>Isch hann die Flemm &#8230; Hauptsach, gudd gess! Geschafft hann mir schnell! (-wenn\u2019s<br \/>\ndann noch senn muss!) Quelle: <a href=\"http:\/\/www.mundart-saarland.de\/mundart-glossar.php\">http:\/\/www.mundart-saarland.de\/mundart-glossar.php<\/a><\/p>\n<table width=\"100%\" cellspacing=\"10\" bgcolor=\"#FFFFFF\">\n<tbody>\n<tr>\n<td valign=\"top\" width=\"143\"><span style=\"font-family: Verdana; font-size: small;\">Sch\u00e4k (\u00e4 lang), die<\/span><\/td>\n<td valign=\"top\" width=\"317\"><span style=\"font-family: Verdana; font-size: small;\">die Scheeke, bunte Kuh; sch\u00e4kig = scheckig<\/span><\/td>\n<\/tr>\n<tr>\n<td valign=\"top\" bgcolor=\"#E5EDF4\" width=\"143\"><span style=\"font-family: Verdana; font-size: small;\">Schaak, die<\/span><\/td>\n<td valign=\"top\" bgcolor=\"#E5EDF4\" width=\"317\"><span style=\"font-family: Verdana; font-size: small;\">die Kr\u00e4he, Saatkr\u00e4he<\/span><\/td>\n<\/tr>\n<tr>\n<td valign=\"top\" width=\"143\"><span style=\"font-family: Verdana; font-size: small;\">Schamma\u00df, der<\/span><\/td>\n<td valign=\"top\" width=\"317\"><span style=\"font-family: Verdana; font-size: small;\">Baumwollzeug; vom franz.: siamoise<\/span><\/td>\n<\/tr>\n<tr>\n<td valign=\"top\" bgcolor=\"#E5EDF4\" width=\"143\"><span style=\"font-family: Verdana; font-size: small;\">Schang<\/span><\/td>\n<td valign=\"top\" bgcolor=\"#E5EDF4\" width=\"317\"><span style=\"font-family: Verdana; font-size: small;\">Johann; vom franz.: Jean (gesprochen: Schang)<\/span><\/td>\n<\/tr>\n<tr>\n<td valign=\"top\" width=\"143\"><span style=\"font-family: Verdana; font-size: small;\">Sch\u00e4ngel<\/span><\/td>\n<td valign=\"top\" width=\"317\"><span style=\"font-family: Verdana; font-size: small;\">kleiner Johann. Verkleinerungsform zu Jean<\/span><\/td>\n<\/tr>\n<tr>\n<td valign=\"top\" bgcolor=\"#E5EDF4\" width=\"143\"><span style=\"font-family: Verdana; font-size: small;\">Sch\u00e4t, die<\/span><\/td>\n<td valign=\"top\" bgcolor=\"#E5EDF4\" width=\"317\"><span style=\"font-family: Verdana; font-size: small;\">1. Scheide, H\u00fclle, 2. Schatten<\/span><\/td>\n<\/tr>\n<tr>\n<td valign=\"top\" width=\"143\"><span style=\"font-family: Verdana; font-size: small;\">sch\u00e4l<\/span><\/td>\n<td valign=\"top\" width=\"317\"><span style=\"font-family: Verdana; font-size: small;\">1. schielend, ein\u00e4ugig, 2. halbsauer (von der Milch gesagt)<\/span><\/td>\n<\/tr>\n<tr>\n<td valign=\"top\" bgcolor=\"#E5EDF4\" width=\"143\"><span style=\"font-family: Verdana; font-size: small;\">Schepp, die<\/span><\/td>\n<td valign=\"top\" bgcolor=\"#E5EDF4\" width=\"317\"><span style=\"font-family: Verdana; font-size: small;\">1. Schippe (von schaufeln), 2. Schnute (aufgeworfener Mund)<\/span><\/td>\n<\/tr>\n<tr>\n<td valign=\"top\" width=\"143\"><span style=\"font-family: Verdana; font-size: small;\">Schaab, der<\/span><\/td>\n<td valign=\"top\" width=\"317\"><span style=\"font-family: Verdana; font-size: small;\">das Totenlager. Redensart: auf dem Schaab leie<\/span><\/td>\n<\/tr>\n<tr>\n<td valign=\"top\" bgcolor=\"#E5EDF4\" width=\"143\"><span style=\"font-family: Verdana; font-size: small;\">Schee\u00df, die<\/span><\/td>\n<td valign=\"top\" bgcolor=\"#E5EDF4\" width=\"317\"><span style=\"font-family: Verdana; font-size: small;\">Kutsche; vom franz.: chaise<\/span><\/td>\n<\/tr>\n<\/tbody>\n<\/table>\n<table width=\"100%\" cellspacing=\"10\" bgcolor=\"#FFFFFF\">\n<tbody>\n<tr>\n<td valign=\"top\" bgcolor=\"#E5EDF4\" width=\"144\"><span style=\"font-family: Verdana; font-size: small;\">Fl\u00e4nsch, die<\/span><\/td>\n<td valign=\"top\" bgcolor=\"#E5EDF4\" width=\"316\"><span style=\"font-family: Verdana; font-size: small;\">vorstehender Mund;\u00a0Fl\u00e4nsch machen = unzufrieden den Mund verziehen<\/span><\/td>\n<\/tr>\n<tr>\n<td valign=\"top\" width=\"144\"><span style=\"font-family: Verdana; font-size: small;\">Fl\u00e4sch, die<\/span><\/td>\n<td valign=\"top\" width=\"316\"><span style=\"font-family: Verdana; font-size: small;\">1. bauchige Flasche<br \/>\n2. Kindermilchflasche<br \/>\n3. Schnapsflasche<br \/>\n4. K\u00fcrbis<\/span><\/td>\n<\/tr>\n<tr>\n<td valign=\"top\" bgcolor=\"#E5EDF4\" width=\"144\"><span style=\"font-family: Verdana; font-size: small;\">fechte<\/span><\/td>\n<td valign=\"top\" bgcolor=\"#E5EDF4\" width=\"316\"><span style=\"font-family: Verdana; font-size: small;\">betteln<\/span><\/td>\n<\/tr>\n<tr>\n<td valign=\"top\" width=\"144\"><span style=\"font-family: Verdana; font-size: small;\">flatschen<\/span><\/td>\n<td valign=\"top\" width=\"316\"><span style=\"font-family: Verdana; font-size: small;\">schwerf\u00e4llig, ger\u00e4uschvoll gehen;<br \/>\ndazu: Flatschneckel = schwerf\u00e4lliger Mensch (Schimpfname)<\/span><\/td>\n<\/tr>\n<tr>\n<td valign=\"top\" bgcolor=\"#E5EDF4\" width=\"144\"><span style=\"font-family: Verdana; font-size: small;\">fl\u00e4ttiere<\/span><\/td>\n<td valign=\"top\" bgcolor=\"#E5EDF4\" width=\"316\"><span style=\"font-family: Verdana; font-size: small;\">schmeicheln; vom franz.: flatter<\/span><\/td>\n<\/tr>\n<tr>\n<td valign=\"top\" width=\"144\"><span style=\"font-family: Verdana; font-size: small;\">flause<\/span><\/td>\n<td valign=\"top\" width=\"316\"><span style=\"font-family: Verdana; font-size: small;\">schlagen; dazu: Flause = dumme Einf\u00e4lle<\/span><\/td>\n<\/tr>\n<tr>\n<td valign=\"top\" bgcolor=\"#E5EDF4\" width=\"144\"><span style=\"font-family: Verdana; font-size: small;\">Flauze, die<\/span><\/td>\n<td valign=\"top\" bgcolor=\"#E5EDF4\" width=\"316\"><span style=\"font-family: Verdana; font-size: small;\">in Essig gelegte Teile des Bl\u00e4ttermagens der Kuh<\/span><\/td>\n<\/tr>\n<tr>\n<td valign=\"top\" width=\"144\"><span style=\"font-family: Verdana; font-size: small;\">Flitsch, die<\/span><\/td>\n<td valign=\"top\" width=\"316\"><span style=\"font-family: Verdana; font-size: small;\">Fl\u00fcgel; mhd.: flittich<\/span><\/td>\n<\/tr>\n<\/tbody>\n<\/table>\n<table width=\"100%\" cellspacing=\"10\" bgcolor=\"#FFFFFF\">\n<tbody>\n<tr>\n<td valign=\"top\" bgcolor=\"#E5EDF4\" width=\"143\"><span style=\"font-family: Verdana; font-size: small;\">w\u00e4nzele <\/span><\/td>\n<td valign=\"top\" bgcolor=\"#E5EDF4\" width=\"317\"><span style=\"font-family: Verdana; font-size: small;\">walzen; von wenden<\/span><\/td>\n<\/tr>\n<tr>\n<td valign=\"top\" width=\"143\"><span style=\"font-family: Verdana; font-size: small;\">Wetz, der<\/span><\/td>\n<td valign=\"top\" width=\"317\"><span style=\"font-family: Verdana; font-size: small;\">Hahnenfu\u00df (Unkraut)<\/span><\/td>\n<\/tr>\n<tr>\n<td valign=\"top\" bgcolor=\"#E5EDF4\" width=\"143\"><span style=\"font-family: Verdana; font-size: small;\">Wie, die<\/span><\/td>\n<td valign=\"top\" bgcolor=\"#E5EDF4\" width=\"317\"><span style=\"font-family: Verdana; font-size: small;\">die Wiege<\/span><\/td>\n<\/tr>\n<tr>\n<td valign=\"top\" width=\"143\"><span style=\"font-family: Verdana; font-size: small;\">Wieche, der<\/span><\/td>\n<td valign=\"top\" width=\"317\"><span style=\"font-family: Verdana; font-size: small;\">Docht; mhd.: wieche<\/span><\/td>\n<\/tr>\n<tr>\n<td valign=\"top\" bgcolor=\"#E5EDF4\" width=\"143\"><span style=\"font-family: Verdana; font-size: small;\">widig <\/span><\/td>\n<td valign=\"top\" bgcolor=\"#E5EDF4\" width=\"317\"><span style=\"font-family: Verdana; font-size: small;\">w\u00fctend<\/span><\/td>\n<\/tr>\n<\/tbody>\n<\/table>\n<table width=\"100%\" cellspacing=\"10\" bgcolor=\"#FFFFFF\">\n<tbody>\n<tr>\n<td valign=\"top\" bgcolor=\"#E5EDF4\" width=\"143\"><span style=\"font-family: Verdana; font-size: small;\">Paschdor, der<\/span><\/td>\n<td valign=\"top\" bgcolor=\"#E5EDF4\" width=\"317\"><span style=\"font-family: Verdana; font-size: small;\">kath. Geistlicher; vom lat.: pastor = Hirt<\/span><\/td>\n<\/tr>\n<tr>\n<td valign=\"top\" width=\"143\"><span style=\"font-family: Verdana; font-size: small;\">p\u00e4ssig<\/span><\/td>\n<td valign=\"top\" width=\"317\"><span style=\"font-family: Verdana; font-size: small;\">eigensinnig, immer denselben Pa\u00df oder Schritt gehend<\/span><\/td>\n<\/tr>\n<tr>\n<td valign=\"top\" bgcolor=\"#E5EDF4\" width=\"143\"><span style=\"font-family: Verdana; font-size: small;\">Patt, der<\/span><\/td>\n<td valign=\"top\" bgcolor=\"#E5EDF4\" width=\"317\"><span style=\"font-family: Verdana; font-size: small;\">Pate; vom lat.: Pater = Vater (geistiger)<\/span><\/td>\n<\/tr>\n<tr>\n<td valign=\"top\" width=\"143\"><span style=\"font-family: Verdana; font-size: small;\">Patsch, der<\/span><\/td>\n<td valign=\"top\" width=\"317\"><span style=\"font-family: Verdana; font-size: small;\">Schlamm. Ein Schallwort wie Batsch =\u00a0 Schlag<\/span><\/td>\n<\/tr>\n<tr>\n<td valign=\"top\" bgcolor=\"#E5EDF4\" width=\"143\"><span style=\"font-family: Verdana; font-size: small;\">p\u00e4tschna\u00df<\/span><\/td>\n<td valign=\"top\" bgcolor=\"#E5EDF4\" width=\"317\"><span style=\"font-family: Verdana; font-size: small;\">patschna\u00df; Schallwort wie Patsch<\/span><\/td>\n<\/tr>\n<\/tbody>\n<\/table>\n<table width=\"100%\" cellspacing=\"10\" bgcolor=\"#FFFFFF\">\n<tbody>\n<tr>\n<td valign=\"top\" bgcolor=\"#FFFFFF\" width=\"143\"><span style=\"font-family: Verdana; font-size: small;\">allabonn\u00e4r<\/span><\/td>\n<td valign=\"top\" bgcolor=\"#FFFFFF\" width=\"317\"><span style=\"font-family: Verdana; font-size: small;\">Ausruf: So ist es gut!\u00a0Aus dem Franz\u00f6sischen: a la bonne heure<\/span><\/td>\n<\/tr>\n<tr>\n<td valign=\"top\" bgcolor=\"#E5EDF4\" width=\"143\"><span style=\"font-family: Verdana; font-size: small;\">alert<\/span><\/td>\n<td valign=\"top\" bgcolor=\"#E5EDF4\" width=\"317\"><span style=\"font-family: Verdana; font-size: small;\">munter, frisch; aus dem Franz\u00f6sischen: alerte<\/span><\/td>\n<\/tr>\n<tr>\n<td valign=\"top\" bgcolor=\"#FFFFFF\" width=\"143\"><span style=\"font-family: Verdana; font-size: small;\">allegebott<\/span><\/td>\n<td valign=\"top\" bgcolor=\"#FFFFFF\" width=\"317\"><span style=\"font-family: Verdana; font-size: small;\">eigentlich bei allen Aufgeboten (in der Versteigerung) dabei sein, oft<\/span><\/td>\n<\/tr>\n<tr>\n<td valign=\"top\" bgcolor=\"#E5EDF4\" width=\"143\"><span style=\"font-family: Verdana; font-size: small;\">allemol<\/span><\/td>\n<td valign=\"top\" bgcolor=\"#E5EDF4\" width=\"317\"><span style=\"font-family: Verdana; font-size: small;\">d.h. alle Male, jedesmal<\/span><\/td>\n<\/tr>\n<tr>\n<td valign=\"top\" bgcolor=\"#FFFFFF\" width=\"143\"><span style=\"font-family: Verdana; font-size: small;\">\u00c4metz, die<\/span><\/td>\n<td valign=\"top\" bgcolor=\"#FFFFFF\" width=\"317\"><span style=\"font-family: Verdana; font-size: small;\">die Ameise; mhd.: ameitze<\/span><\/td>\n<\/tr>\n<\/tbody>\n<\/table>\n","protected":false},"excerpt":{"rendered":"Der erste Winter in Deutschland &#8211; Tja, da f\u00e4llt die Pause schon mal kurz und k\u00fcrzer aus \ud83d\ude42 und der eine oder andere bleibt lieber in der Klasse &#8230;. \u00a0Lerninhalte: heute Sitten und Gebr\u00e4uche in Deutschland, Einkaufen, Arbeiten in Deutschland Heute Sprach\u00fcbung &#8211; ch sch sh &#8211; \u00e4 \u00f6 \u00fc &#8211; ei ai &#8230;. Nicht ","protected":false},"author":1,"featured_media":1142,"comment_status":"open","ping_status":"open","sticky":false,"template":"","format":"standard","meta":{"footnotes":""},"categories":[1,172],"tags":[],"class_list":["post-1141","post","type-post","status-publish","format-standard","has-post-thumbnail","hentry","category-infos-zu-bildung","category-news-pressemitteilungen"],"yoast_head":"<!-- This site is optimized with the Yoast SEO plugin v23.1 - https:\/\/yoast.com\/wordpress\/plugins\/seo\/ -->\n<title>Deutsch Einstiegskurs - gaertner hkk<\/title>\n<meta name=\"robots\" content=\"index, follow, max-snippet:-1, max-image-preview:large, max-video-preview:-1\" \/>\n<link rel=\"canonical\" href=\"http:\/\/kommunikation.gaertnerhkk.de\/?p=1141\" \/>\n<meta property=\"og:locale\" content=\"de_DE\" \/>\n<meta property=\"og:type\" content=\"article\" \/>\n<meta property=\"og:title\" content=\"Deutsch Einstiegskurs - gaertner hkk\" \/>\n<meta property=\"og:description\" content=\"Der erste Winter in Deutschland &#8211; Tja, da f\u00e4llt die Pause schon mal kurz und k\u00fcrzer aus \ud83d\ude42 und der eine oder andere bleibt lieber in der Klasse &#8230;. \u00a0Lerninhalte: heute Sitten und Gebr\u00e4uche in Deutschland, Einkaufen, Arbeiten in Deutschland Heute Sprach\u00fcbung &#8211; ch sch sh &#8211; \u00e4 \u00f6 \u00fc &#8211; ei ai &#8230;. Nicht\" \/>\n<meta property=\"og:url\" content=\"http:\/\/kommunikation.gaertnerhkk.de\/?p=1141\" \/>\n<meta property=\"og:site_name\" content=\"gaertner hkk\" \/>\n<meta property=\"article:publisher\" content=\"https:\/\/www.facebook.com\/gaertnerhkk.de\" \/>\n<meta property=\"article:published_time\" content=\"2016-01-20T13:02:46+00:00\" \/>\n<meta property=\"article:modified_time\" content=\"2016-01-20T13:32:30+00:00\" \/>\n<meta property=\"og:image\" content=\"http:\/\/kommunikation.gaertnerhkk.de\/wp-content\/uploads\/2016\/01\/12607379_611237219024547_1638407601_n.jpg\" \/>\n\t<meta property=\"og:image:width\" content=\"960\" \/>\n\t<meta property=\"og:image:height\" content=\"540\" \/>\n\t<meta property=\"og:image:type\" content=\"image\/jpeg\" \/>\n<meta name=\"author\" content=\"andrea\" \/>\n<meta name=\"twitter:card\" content=\"summary_large_image\" \/>\n<meta name=\"twitter:label1\" content=\"Verfasst von\" \/>\n\t<meta name=\"twitter:data1\" content=\"andrea\" \/>\n\t<meta name=\"twitter:label2\" content=\"Gesch\u00e4tzte Lesezeit\" \/>\n\t<meta name=\"twitter:data2\" content=\"2 Minuten\" \/>\n<script type=\"application\/ld+json\" class=\"yoast-schema-graph\">{\"@context\":\"https:\/\/schema.org\",\"@graph\":[{\"@type\":\"WebPage\",\"@id\":\"http:\/\/kommunikation.gaertnerhkk.de\/?p=1141\",\"url\":\"http:\/\/kommunikation.gaertnerhkk.de\/?p=1141\",\"name\":\"Deutsch Einstiegskurs - gaertner hkk\",\"isPartOf\":{\"@id\":\"http:\/\/kommunikation.gaertnerhkk.de\/#website\"},\"primaryImageOfPage\":{\"@id\":\"http:\/\/kommunikation.gaertnerhkk.de\/?p=1141#primaryimage\"},\"image\":{\"@id\":\"http:\/\/kommunikation.gaertnerhkk.de\/?p=1141#primaryimage\"},\"thumbnailUrl\":\"http:\/\/kommunikation.gaertnerhkk.de\/wp-content\/uploads\/2016\/01\/12607379_611237219024547_1638407601_n.jpg\",\"datePublished\":\"2016-01-20T13:02:46+00:00\",\"dateModified\":\"2016-01-20T13:32:30+00:00\",\"author\":{\"@id\":\"http:\/\/kommunikation.gaertnerhkk.de\/#\/schema\/person\/d05aaaadef4f18286349e0f161de1cdd\"},\"breadcrumb\":{\"@id\":\"http:\/\/kommunikation.gaertnerhkk.de\/?p=1141#breadcrumb\"},\"inLanguage\":\"de-DE\",\"potentialAction\":[{\"@type\":\"ReadAction\",\"target\":[\"http:\/\/kommunikation.gaertnerhkk.de\/?p=1141\"]}]},{\"@type\":\"ImageObject\",\"inLanguage\":\"de-DE\",\"@id\":\"http:\/\/kommunikation.gaertnerhkk.de\/?p=1141#primaryimage\",\"url\":\"http:\/\/kommunikation.gaertnerhkk.de\/wp-content\/uploads\/2016\/01\/12607379_611237219024547_1638407601_n.jpg\",\"contentUrl\":\"http:\/\/kommunikation.gaertnerhkk.de\/wp-content\/uploads\/2016\/01\/12607379_611237219024547_1638407601_n.jpg\",\"width\":960,\"height\":540},{\"@type\":\"BreadcrumbList\",\"@id\":\"http:\/\/kommunikation.gaertnerhkk.de\/?p=1141#breadcrumb\",\"itemListElement\":[{\"@type\":\"ListItem\",\"position\":1,\"name\":\"Home\",\"item\":\"http:\/\/kommunikation.gaertnerhkk.de\/\"},{\"@type\":\"ListItem\",\"position\":2,\"name\":\"Deutsch Einstiegskurs\"}]},{\"@type\":\"WebSite\",\"@id\":\"http:\/\/kommunikation.gaertnerhkk.de\/#website\",\"url\":\"http:\/\/kommunikation.gaertnerhkk.de\/\",\"name\":\"gaertner hkk\",\"description\":\"Bildungsmanufaktur\",\"potentialAction\":[{\"@type\":\"SearchAction\",\"target\":{\"@type\":\"EntryPoint\",\"urlTemplate\":\"http:\/\/kommunikation.gaertnerhkk.de\/?s={search_term_string}\"},\"query-input\":\"required name=search_term_string\"}],\"inLanguage\":\"de-DE\"},{\"@type\":\"Person\",\"@id\":\"http:\/\/kommunikation.gaertnerhkk.de\/#\/schema\/person\/d05aaaadef4f18286349e0f161de1cdd\",\"name\":\"andrea\",\"sameAs\":[\"http:\/\/gaertnerhkk.de\"]}]}<\/script>\n<!-- \/ Yoast SEO plugin. -->","yoast_head_json":{"title":"Deutsch Einstiegskurs - gaertner hkk","robots":{"index":"index","follow":"follow","max-snippet":"max-snippet:-1","max-image-preview":"max-image-preview:large","max-video-preview":"max-video-preview:-1"},"canonical":"http:\/\/kommunikation.gaertnerhkk.de\/?p=1141","og_locale":"de_DE","og_type":"article","og_title":"Deutsch Einstiegskurs - gaertner hkk","og_description":"Der erste Winter in Deutschland &#8211; Tja, da f\u00e4llt die Pause schon mal kurz und k\u00fcrzer aus \ud83d\ude42 und der eine oder andere bleibt lieber in der Klasse &#8230;. \u00a0Lerninhalte: heute Sitten und Gebr\u00e4uche in Deutschland, Einkaufen, Arbeiten in Deutschland Heute Sprach\u00fcbung &#8211; ch sch sh &#8211; \u00e4 \u00f6 \u00fc &#8211; ei ai &#8230;. Nicht","og_url":"http:\/\/kommunikation.gaertnerhkk.de\/?p=1141","og_site_name":"gaertner hkk","article_publisher":"https:\/\/www.facebook.com\/gaertnerhkk.de","article_published_time":"2016-01-20T13:02:46+00:00","article_modified_time":"2016-01-20T13:32:30+00:00","og_image":[{"width":960,"height":540,"url":"http:\/\/kommunikation.gaertnerhkk.de\/wp-content\/uploads\/2016\/01\/12607379_611237219024547_1638407601_n.jpg","type":"image\/jpeg"}],"author":"andrea","twitter_card":"summary_large_image","twitter_misc":{"Verfasst von":"andrea","Gesch\u00e4tzte Lesezeit":"2 Minuten"},"schema":{"@context":"https:\/\/schema.org","@graph":[{"@type":"WebPage","@id":"http:\/\/kommunikation.gaertnerhkk.de\/?p=1141","url":"http:\/\/kommunikation.gaertnerhkk.de\/?p=1141","name":"Deutsch Einstiegskurs - gaertner hkk","isPartOf":{"@id":"http:\/\/kommunikation.gaertnerhkk.de\/#website"},"primaryImageOfPage":{"@id":"http:\/\/kommunikation.gaertnerhkk.de\/?p=1141#primaryimage"},"image":{"@id":"http:\/\/kommunikation.gaertnerhkk.de\/?p=1141#primaryimage"},"thumbnailUrl":"http:\/\/kommunikation.gaertnerhkk.de\/wp-content\/uploads\/2016\/01\/12607379_611237219024547_1638407601_n.jpg","datePublished":"2016-01-20T13:02:46+00:00","dateModified":"2016-01-20T13:32:30+00:00","author":{"@id":"http:\/\/kommunikation.gaertnerhkk.de\/#\/schema\/person\/d05aaaadef4f18286349e0f161de1cdd"},"breadcrumb":{"@id":"http:\/\/kommunikation.gaertnerhkk.de\/?p=1141#breadcrumb"},"inLanguage":"de-DE","potentialAction":[{"@type":"ReadAction","target":["http:\/\/kommunikation.gaertnerhkk.de\/?p=1141"]}]},{"@type":"ImageObject","inLanguage":"de-DE","@id":"http:\/\/kommunikation.gaertnerhkk.de\/?p=1141#primaryimage","url":"http:\/\/kommunikation.gaertnerhkk.de\/wp-content\/uploads\/2016\/01\/12607379_611237219024547_1638407601_n.jpg","contentUrl":"http:\/\/kommunikation.gaertnerhkk.de\/wp-content\/uploads\/2016\/01\/12607379_611237219024547_1638407601_n.jpg","width":960,"height":540},{"@type":"BreadcrumbList","@id":"http:\/\/kommunikation.gaertnerhkk.de\/?p=1141#breadcrumb","itemListElement":[{"@type":"ListItem","position":1,"name":"Home","item":"http:\/\/kommunikation.gaertnerhkk.de\/"},{"@type":"ListItem","position":2,"name":"Deutsch Einstiegskurs"}]},{"@type":"WebSite","@id":"http:\/\/kommunikation.gaertnerhkk.de\/#website","url":"http:\/\/kommunikation.gaertnerhkk.de\/","name":"gaertner hkk","description":"Bildungsmanufaktur","potentialAction":[{"@type":"SearchAction","target":{"@type":"EntryPoint","urlTemplate":"http:\/\/kommunikation.gaertnerhkk.de\/?s={search_term_string}"},"query-input":"required name=search_term_string"}],"inLanguage":"de-DE"},{"@type":"Person","@id":"http:\/\/kommunikation.gaertnerhkk.de\/#\/schema\/person\/d05aaaadef4f18286349e0f161de1cdd","name":"andrea","sameAs":["http:\/\/gaertnerhkk.de"]}]}},"_links":{"self":[{"href":"http:\/\/kommunikation.gaertnerhkk.de\/index.php?rest_route=\/wp\/v2\/posts\/1141"}],"collection":[{"href":"http:\/\/kommunikation.gaertnerhkk.de\/index.php?rest_route=\/wp\/v2\/posts"}],"about":[{"href":"http:\/\/kommunikation.gaertnerhkk.de\/index.php?rest_route=\/wp\/v2\/types\/post"}],"author":[{"embeddable":true,"href":"http:\/\/kommunikation.gaertnerhkk.de\/index.php?rest_route=\/wp\/v2\/users\/1"}],"replies":[{"embeddable":true,"href":"http:\/\/kommunikation.gaertnerhkk.de\/index.php?rest_route=%2Fwp%2Fv2%2Fcomments&post=1141"}],"version-history":[{"count":8,"href":"http:\/\/kommunikation.gaertnerhkk.de\/index.php?rest_route=\/wp\/v2\/posts\/1141\/revisions"}],"predecessor-version":[{"id":1151,"href":"http:\/\/kommunikation.gaertnerhkk.de\/index.php?rest_route=\/wp\/v2\/posts\/1141\/revisions\/1151"}],"wp:featuredmedia":[{"embeddable":true,"href":"http:\/\/kommunikation.gaertnerhkk.de\/index.php?rest_route=\/wp\/v2\/media\/1142"}],"wp:attachment":[{"href":"http:\/\/kommunikation.gaertnerhkk.de\/index.php?rest_route=%2Fwp%2Fv2%2Fmedia&parent=1141"}],"wp:term":[{"taxonomy":"category","embeddable":true,"href":"http:\/\/kommunikation.gaertnerhkk.de\/index.php?rest_route=%2Fwp%2Fv2%2Fcategories&post=1141"},{"taxonomy":"post_tag","embeddable":true,"href":"http:\/\/kommunikation.gaertnerhkk.de\/index.php?rest_route=%2Fwp%2Fv2%2Ftags&post=1141"}],"curies":[{"name":"wp","href":"https:\/\/api.w.org\/{rel}","templated":true}]}}