{"id":1425,"date":"2016-07-28T11:05:30","date_gmt":"2016-07-28T11:05:30","guid":{"rendered":"http:\/\/kommunikation.gaertnerhkk.de\/?p=1425"},"modified":"2016-07-28T11:05:30","modified_gmt":"2016-07-28T11:05:30","slug":"meinungsfreiheit-redemittel-zur-diskussion","status":"publish","type":"post","link":"http:\/\/kommunikation.gaertnerhkk.de\/?p=1425","title":{"rendered":"Meinungsfreiheit &#8211; Redemittel zur Diskussion"},"content":{"rendered":"<h1 class=\"red\">Meinungsfreiheit<\/h1>\n<p>Die Meinungsfreiheit ist eines der zentralen Grund- und Menschenrechte. In Deutschland regelt dies Art. 5 des Grundgesetzes und die Menschenrechtserkl\u00e4rung der Vereinten Nationen von 1948 in\u00a0 Art. 19 sch\u00fctzt dies.<\/p>\n<p>Danach hat jede\/r das Recht sich eine eigene Meinung zu bilden, diese frei zu \u00e4u\u00dfern und zu verbreiten. Niemand darf hierbei unter Druck gesetzt, mit Zwang bedroht oder daran gehindert werden, sich aus allgemein zug\u00e4nglichen Quellen zu informieren.<\/p>\n<p>Die Meinungsfreiheit zielt nicht nur auf blo\u00dfe Fakten und Informationen, sondern auch auf Wertungen, Meinungen, \u00dcberzeugungen etc. Die Meinungen k\u00f6nnen durch Wort, Schrift und Bild verbreitet werden, aber auch andere Formen der Meinungs\u00e4u\u00dferung (Sitzstreik)sind m\u00f6glich.<\/p>\n<p>Allerdings gibt es auch Einschr\u00e4nungen, die sich aus den Vorschriften der allgemeinen Gesetze, dem Jugendschutz und dem Recht der pers\u00f6nlichen Ehre (Art. 5 Abs. 2 des Grundgesetzes ergeben.<\/p>\n<p>Grundlage f\u00fcr die Pressefreiheit und die Freiheit aller anderen Medien, insbesondere des Rundfunks, Fernsehens und Films stellt die Meinungsfreiheit. * (Qu<i>elle: Schubert, Klaus\/Martina Klein: Das Politiklexikon. 6., aktual. u. erw. Aufl. Bonn: Dietz 2016. Lizenzausgabe Bonn: Bundeszentrale f\u00fcr politische Bildung.)<\/i><\/p>\n<p><strong>Redemittel zur Meinungs\u00e4u\u00dferung<\/strong><\/p>\n<p>Damit steht es jedem frei, seine Meinung zu \u00e4u\u00dfern, wenn<\/p>\n<ul>\n<li>diese wahr ist<\/li>\n<li>die W\u00fcrde eines andren Menschen nicht verletzt wird<\/li>\n<li>keinen anderen bedroht und beleidigt<\/li>\n<\/ul>\n<p>Redemittel zur Meinungs\u00e4u\u00dferung!<\/p>\n<ul>\n<li><strong>Ich bin daf\u00fcr<\/strong>, dass wir dar\u00fcber reden.<\/li>\n<li><strong>Ich bin dagegen<\/strong>, es einfach zu lassen.<\/li>\n<li><strong>Ich sehe dies so<\/strong>: Gehen wir doch zuerst zum Einkaufen und dann auf den Spielplatz<\/li>\n<li><strong>Ich denke<\/strong>, dass es besser ist, nochmals dar\u00fcber nachzudenken.<\/li>\n<li><strong>Ich finde<\/strong>, dass dies nicht sehr h\u00f6flich ist.<\/li>\n<li><strong>Ich glaube<\/strong>, dass jeder das Recht hat, &#8230;<\/li>\n<li><strong>Ich bin de Meinung<\/strong>, dass es besser ist<\/li>\n<li><strong>Meiner Meinung nach<\/strong> sollten wir nun nach Hause gehen.<\/li>\n<li><strong>Ich bin davon \u00fcberzeugt<\/strong>, dass es eine L\u00f6sung gibt.<\/li>\n<li><strong>Ich bin mir sicher<\/strong>, dass alles sich regeln wird.<\/li>\n<li><strong>Ich bin dagen<\/strong>!<\/li>\n<\/ul>\n<p>Am Ende sollte allerdings der Kompromiss gefunden sein, der sich \u00fcber eine Diskussion gefunden hat.<\/p>\n<p>&nbsp;<\/p>\n<p>&nbsp;<\/p>\n<p>&nbsp;<\/p>\n<p>&nbsp;<\/p>\n","protected":false},"excerpt":{"rendered":"Meinungsfreiheit Die Meinungsfreiheit ist eines der zentralen Grund- und Menschenrechte. In Deutschland regelt dies Art. 5 des Grundgesetzes und die Menschenrechtserkl\u00e4rung der Vereinten Nationen von 1948 in\u00a0 Art. 19 sch\u00fctzt dies. Danach hat jede\/r das Recht sich eine eigene Meinung zu bilden, diese frei zu \u00e4u\u00dfern und zu verbreiten. Niemand darf hierbei unter Druck gesetzt, ","protected":false},"author":1,"featured_media":1294,"comment_status":"open","ping_status":"open","sticky":false,"template":"","format":"standard","meta":{"footnotes":""},"categories":[5,183,18],"tags":[184,72,147,148,142],"class_list":["post-1425","post","type-post","status-publish","format-standard","has-post-thumbnail","hentry","category-bewerbungsstrategien","category-deutsch-lernen","category-personalentwicklung","tag-deutschlernen","tag-kommunikation-weiterbildung","tag-kommunikationsmittel","tag-konfliktloesung","tag-welche-weiterbildung-passt-zu-mir"],"yoast_head":"<!-- This site is optimized with the Yoast SEO plugin v23.1 - https:\/\/yoast.com\/wordpress\/plugins\/seo\/ -->\n<title>Meinungsfreiheit - Redemittel zur Diskussion - gaertner hkk<\/title>\n<meta name=\"description\" content=\"Damit steht es jedem frei, seine Meinung zu \u00e4u\u00dfern, wenn diese wahr ist die W\u00fcrde eines andren Menschen nicht verletzt wird keinen anderen bedroht und beleidigt\" \/>\n<meta name=\"robots\" content=\"index, follow, max-snippet:-1, max-image-preview:large, max-video-preview:-1\" \/>\n<link rel=\"canonical\" href=\"http:\/\/kommunikation.gaertnerhkk.de\/?p=1425\" \/>\n<meta property=\"og:locale\" content=\"de_DE\" \/>\n<meta property=\"og:type\" content=\"article\" \/>\n<meta property=\"og:title\" content=\"Meinungsfreiheit - Redemittel zur Diskussion - gaertner hkk\" \/>\n<meta property=\"og:description\" content=\"Damit steht es jedem frei, seine Meinung zu \u00e4u\u00dfern, wenn diese wahr ist die W\u00fcrde eines andren Menschen nicht verletzt wird keinen anderen bedroht und beleidigt\" \/>\n<meta property=\"og:url\" content=\"http:\/\/kommunikation.gaertnerhkk.de\/?p=1425\" \/>\n<meta property=\"og:site_name\" content=\"gaertner hkk\" \/>\n<meta property=\"article:publisher\" content=\"https:\/\/www.facebook.com\/gaertnerhkk.de\" \/>\n<meta property=\"article:published_time\" content=\"2016-07-28T11:05:30+00:00\" \/>\n<meta property=\"og:image\" content=\"http:\/\/kommunikation.gaertnerhkk.de\/wp-content\/uploads\/2016\/05\/Fotolia_102295765_S.jpg\" \/>\n\t<meta property=\"og:image:width\" content=\"1010\" \/>\n\t<meta property=\"og:image:height\" content=\"475\" \/>\n\t<meta property=\"og:image:type\" content=\"image\/jpeg\" \/>\n<meta name=\"author\" content=\"andrea\" \/>\n<meta name=\"twitter:card\" content=\"summary_large_image\" \/>\n<meta name=\"twitter:label1\" content=\"Verfasst von\" \/>\n\t<meta name=\"twitter:data1\" content=\"andrea\" \/>\n\t<meta name=\"twitter:label2\" content=\"Gesch\u00e4tzte Lesezeit\" \/>\n\t<meta name=\"twitter:data2\" content=\"2 Minuten\" \/>\n<script type=\"application\/ld+json\" class=\"yoast-schema-graph\">{\"@context\":\"https:\/\/schema.org\",\"@graph\":[{\"@type\":\"WebPage\",\"@id\":\"http:\/\/kommunikation.gaertnerhkk.de\/?p=1425\",\"url\":\"http:\/\/kommunikation.gaertnerhkk.de\/?p=1425\",\"name\":\"Meinungsfreiheit - Redemittel zur Diskussion - gaertner hkk\",\"isPartOf\":{\"@id\":\"http:\/\/kommunikation.gaertnerhkk.de\/#website\"},\"primaryImageOfPage\":{\"@id\":\"http:\/\/kommunikation.gaertnerhkk.de\/?p=1425#primaryimage\"},\"image\":{\"@id\":\"http:\/\/kommunikation.gaertnerhkk.de\/?p=1425#primaryimage\"},\"thumbnailUrl\":\"http:\/\/kommunikation.gaertnerhkk.de\/wp-content\/uploads\/2016\/05\/Fotolia_102295765_S.jpg\",\"datePublished\":\"2016-07-28T11:05:30+00:00\",\"dateModified\":\"2016-07-28T11:05:30+00:00\",\"author\":{\"@id\":\"http:\/\/kommunikation.gaertnerhkk.de\/#\/schema\/person\/d05aaaadef4f18286349e0f161de1cdd\"},\"description\":\"Damit steht es jedem frei, seine Meinung zu \u00e4u\u00dfern, wenn diese wahr ist die W\u00fcrde eines andren Menschen nicht verletzt wird keinen anderen bedroht und beleidigt\",\"breadcrumb\":{\"@id\":\"http:\/\/kommunikation.gaertnerhkk.de\/?p=1425#breadcrumb\"},\"inLanguage\":\"de-DE\",\"potentialAction\":[{\"@type\":\"ReadAction\",\"target\":[\"http:\/\/kommunikation.gaertnerhkk.de\/?p=1425\"]}]},{\"@type\":\"ImageObject\",\"inLanguage\":\"de-DE\",\"@id\":\"http:\/\/kommunikation.gaertnerhkk.de\/?p=1425#primaryimage\",\"url\":\"http:\/\/kommunikation.gaertnerhkk.de\/wp-content\/uploads\/2016\/05\/Fotolia_102295765_S.jpg\",\"contentUrl\":\"http:\/\/kommunikation.gaertnerhkk.de\/wp-content\/uploads\/2016\/05\/Fotolia_102295765_S.jpg\",\"width\":1010,\"height\":475},{\"@type\":\"BreadcrumbList\",\"@id\":\"http:\/\/kommunikation.gaertnerhkk.de\/?p=1425#breadcrumb\",\"itemListElement\":[{\"@type\":\"ListItem\",\"position\":1,\"name\":\"Home\",\"item\":\"http:\/\/kommunikation.gaertnerhkk.de\/\"},{\"@type\":\"ListItem\",\"position\":2,\"name\":\"Meinungsfreiheit &#8211; Redemittel zur Diskussion\"}]},{\"@type\":\"WebSite\",\"@id\":\"http:\/\/kommunikation.gaertnerhkk.de\/#website\",\"url\":\"http:\/\/kommunikation.gaertnerhkk.de\/\",\"name\":\"gaertner hkk\",\"description\":\"Bildungsmanufaktur\",\"potentialAction\":[{\"@type\":\"SearchAction\",\"target\":{\"@type\":\"EntryPoint\",\"urlTemplate\":\"http:\/\/kommunikation.gaertnerhkk.de\/?s={search_term_string}\"},\"query-input\":\"required name=search_term_string\"}],\"inLanguage\":\"de-DE\"},{\"@type\":\"Person\",\"@id\":\"http:\/\/kommunikation.gaertnerhkk.de\/#\/schema\/person\/d05aaaadef4f18286349e0f161de1cdd\",\"name\":\"andrea\",\"sameAs\":[\"http:\/\/gaertnerhkk.de\"]}]}<\/script>\n<!-- \/ Yoast SEO plugin. -->","yoast_head_json":{"title":"Meinungsfreiheit - Redemittel zur Diskussion - gaertner hkk","description":"Damit steht es jedem frei, seine Meinung zu \u00e4u\u00dfern, wenn diese wahr ist die W\u00fcrde eines andren Menschen nicht verletzt wird keinen anderen bedroht und beleidigt","robots":{"index":"index","follow":"follow","max-snippet":"max-snippet:-1","max-image-preview":"max-image-preview:large","max-video-preview":"max-video-preview:-1"},"canonical":"http:\/\/kommunikation.gaertnerhkk.de\/?p=1425","og_locale":"de_DE","og_type":"article","og_title":"Meinungsfreiheit - Redemittel zur Diskussion - gaertner hkk","og_description":"Damit steht es jedem frei, seine Meinung zu \u00e4u\u00dfern, wenn diese wahr ist die W\u00fcrde eines andren Menschen nicht verletzt wird keinen anderen bedroht und beleidigt","og_url":"http:\/\/kommunikation.gaertnerhkk.de\/?p=1425","og_site_name":"gaertner hkk","article_publisher":"https:\/\/www.facebook.com\/gaertnerhkk.de","article_published_time":"2016-07-28T11:05:30+00:00","og_image":[{"width":1010,"height":475,"url":"http:\/\/kommunikation.gaertnerhkk.de\/wp-content\/uploads\/2016\/05\/Fotolia_102295765_S.jpg","type":"image\/jpeg"}],"author":"andrea","twitter_card":"summary_large_image","twitter_misc":{"Verfasst von":"andrea","Gesch\u00e4tzte Lesezeit":"2 Minuten"},"schema":{"@context":"https:\/\/schema.org","@graph":[{"@type":"WebPage","@id":"http:\/\/kommunikation.gaertnerhkk.de\/?p=1425","url":"http:\/\/kommunikation.gaertnerhkk.de\/?p=1425","name":"Meinungsfreiheit - Redemittel zur Diskussion - gaertner hkk","isPartOf":{"@id":"http:\/\/kommunikation.gaertnerhkk.de\/#website"},"primaryImageOfPage":{"@id":"http:\/\/kommunikation.gaertnerhkk.de\/?p=1425#primaryimage"},"image":{"@id":"http:\/\/kommunikation.gaertnerhkk.de\/?p=1425#primaryimage"},"thumbnailUrl":"http:\/\/kommunikation.gaertnerhkk.de\/wp-content\/uploads\/2016\/05\/Fotolia_102295765_S.jpg","datePublished":"2016-07-28T11:05:30+00:00","dateModified":"2016-07-28T11:05:30+00:00","author":{"@id":"http:\/\/kommunikation.gaertnerhkk.de\/#\/schema\/person\/d05aaaadef4f18286349e0f161de1cdd"},"description":"Damit steht es jedem frei, seine Meinung zu \u00e4u\u00dfern, wenn diese wahr ist die W\u00fcrde eines andren Menschen nicht verletzt wird keinen anderen bedroht und beleidigt","breadcrumb":{"@id":"http:\/\/kommunikation.gaertnerhkk.de\/?p=1425#breadcrumb"},"inLanguage":"de-DE","potentialAction":[{"@type":"ReadAction","target":["http:\/\/kommunikation.gaertnerhkk.de\/?p=1425"]}]},{"@type":"ImageObject","inLanguage":"de-DE","@id":"http:\/\/kommunikation.gaertnerhkk.de\/?p=1425#primaryimage","url":"http:\/\/kommunikation.gaertnerhkk.de\/wp-content\/uploads\/2016\/05\/Fotolia_102295765_S.jpg","contentUrl":"http:\/\/kommunikation.gaertnerhkk.de\/wp-content\/uploads\/2016\/05\/Fotolia_102295765_S.jpg","width":1010,"height":475},{"@type":"BreadcrumbList","@id":"http:\/\/kommunikation.gaertnerhkk.de\/?p=1425#breadcrumb","itemListElement":[{"@type":"ListItem","position":1,"name":"Home","item":"http:\/\/kommunikation.gaertnerhkk.de\/"},{"@type":"ListItem","position":2,"name":"Meinungsfreiheit &#8211; Redemittel zur Diskussion"}]},{"@type":"WebSite","@id":"http:\/\/kommunikation.gaertnerhkk.de\/#website","url":"http:\/\/kommunikation.gaertnerhkk.de\/","name":"gaertner hkk","description":"Bildungsmanufaktur","potentialAction":[{"@type":"SearchAction","target":{"@type":"EntryPoint","urlTemplate":"http:\/\/kommunikation.gaertnerhkk.de\/?s={search_term_string}"},"query-input":"required name=search_term_string"}],"inLanguage":"de-DE"},{"@type":"Person","@id":"http:\/\/kommunikation.gaertnerhkk.de\/#\/schema\/person\/d05aaaadef4f18286349e0f161de1cdd","name":"andrea","sameAs":["http:\/\/gaertnerhkk.de"]}]}},"_links":{"self":[{"href":"http:\/\/kommunikation.gaertnerhkk.de\/index.php?rest_route=\/wp\/v2\/posts\/1425"}],"collection":[{"href":"http:\/\/kommunikation.gaertnerhkk.de\/index.php?rest_route=\/wp\/v2\/posts"}],"about":[{"href":"http:\/\/kommunikation.gaertnerhkk.de\/index.php?rest_route=\/wp\/v2\/types\/post"}],"author":[{"embeddable":true,"href":"http:\/\/kommunikation.gaertnerhkk.de\/index.php?rest_route=\/wp\/v2\/users\/1"}],"replies":[{"embeddable":true,"href":"http:\/\/kommunikation.gaertnerhkk.de\/index.php?rest_route=%2Fwp%2Fv2%2Fcomments&post=1425"}],"version-history":[{"count":2,"href":"http:\/\/kommunikation.gaertnerhkk.de\/index.php?rest_route=\/wp\/v2\/posts\/1425\/revisions"}],"predecessor-version":[{"id":1427,"href":"http:\/\/kommunikation.gaertnerhkk.de\/index.php?rest_route=\/wp\/v2\/posts\/1425\/revisions\/1427"}],"wp:featuredmedia":[{"embeddable":true,"href":"http:\/\/kommunikation.gaertnerhkk.de\/index.php?rest_route=\/wp\/v2\/media\/1294"}],"wp:attachment":[{"href":"http:\/\/kommunikation.gaertnerhkk.de\/index.php?rest_route=%2Fwp%2Fv2%2Fmedia&parent=1425"}],"wp:term":[{"taxonomy":"category","embeddable":true,"href":"http:\/\/kommunikation.gaertnerhkk.de\/index.php?rest_route=%2Fwp%2Fv2%2Fcategories&post=1425"},{"taxonomy":"post_tag","embeddable":true,"href":"http:\/\/kommunikation.gaertnerhkk.de\/index.php?rest_route=%2Fwp%2Fv2%2Ftags&post=1425"}],"curies":[{"name":"wp","href":"https:\/\/api.w.org\/{rel}","templated":true}]}}