{"id":1447,"date":"2016-08-02T08:56:19","date_gmt":"2016-08-02T08:56:19","guid":{"rendered":"http:\/\/kommunikation.gaertnerhkk.de\/?p=1447"},"modified":"2016-08-02T09:01:50","modified_gmt":"2016-08-02T09:01:50","slug":"bildung-aenderungen-zum-1-august-2016","status":"publish","type":"post","link":"http:\/\/kommunikation.gaertnerhkk.de\/?p=1447","title":{"rendered":"Bildung: \u00c4nderungen zum 1. August 2016"},"content":{"rendered":"<h4>Erweiterte F\u00f6rderm\u00f6glichkeiten bei Ma\u00dfnahmen zur Aktivierung und beruflichen Eingliederung<\/h4>\n<p>Die m\u00f6gliche Dauer von Ma\u00dfnahmen zur Aktivierung und beruflichen Eingliederung, die bei einem Arbeitgeber durchgef\u00fchrt werden, wird von sechs auf zw\u00f6lf Wochen verl\u00e4ngert. Die \u00c4nderung gilt f\u00fcr Langzeitarbeitslose und Arbeitslose mit schwerwiegenden Vermittlungshemmnissen. Diese Ma\u00dfnahmen sollen insbesondere auch der Kompetenzfeststellung, der Kl\u00e4rung eines anzustrebenden Zielberufs und eines Bildungsziels f\u00fcr eine m\u00f6gliche Weiterbildung dienen.<\/p>\n<p>Mehr Informationen finden Sie hier:\u00a0<a href=\"http:\/\/www.bmas.de\/DE\/Presse\/Pressemitteilungen\/2016\/vereinfachung-des-leistungsrechts-staerkung-der-weiterbildung.html;jsessionid=B34153A9C4A04E7EAB4CA1F50F98CBD2\"> http:\/\/www.bmas.de\/DE\/Presse\/Pressemitteilungen\/2016\/vereinfachung-des-leistungsrechts-staerkung-der-weiterbildung.html;jsessionid=B34153A9C4A04E7EAB4CA1F50F98CBD2<\/a><\/p>\n<p>Quelle:<a href=\"http:\/\/www.bmas.de\/DE\/Presse\/Pressemitteilungen\/2016\/vereinfachung-des-leistungsrechts-staerkung-der-weiterbildung.html;jsessionid=B34153A9C4A04E7EAB4CA1F50F98CBD2\"> http:\/\/www.bmas.de<\/a><\/p>\n","protected":false},"excerpt":{"rendered":"Erweiterte F\u00f6rderm\u00f6glichkeiten bei Ma\u00dfnahmen zur Aktivierung und beruflichen Eingliederung Die m\u00f6gliche Dauer von Ma\u00dfnahmen zur Aktivierung und beruflichen Eingliederung, die bei einem Arbeitgeber durchgef\u00fchrt werden, wird von sechs auf zw\u00f6lf Wochen verl\u00e4ngert. Die \u00c4nderung gilt f\u00fcr Langzeitarbeitslose und Arbeitslose mit schwerwiegenden Vermittlungshemmnissen. Diese Ma\u00dfnahmen sollen insbesondere auch der Kompetenzfeststellung, der Kl\u00e4rung eines anzustrebenden Zielberufs und ","protected":false},"author":1,"featured_media":1316,"comment_status":"open","ping_status":"open","sticky":false,"template":"","format":"standard","meta":{"footnotes":""},"categories":[1,172],"tags":[],"class_list":["post-1447","post","type-post","status-publish","format-standard","has-post-thumbnail","hentry","category-infos-zu-bildung","category-news-pressemitteilungen"],"yoast_head":"<!-- This site is optimized with the Yoast SEO plugin v23.1 - https:\/\/yoast.com\/wordpress\/plugins\/seo\/ -->\n<title>Bildung: \u00c4nderungen zum 1. August 2016 - gaertner hkk<\/title>\n<meta name=\"description\" content=\"Erweiterte F\u00f6rderm\u00f6glichkeiten bei Ma\u00dfnahmen zur Aktivierung und beruflichen Eingliederung\" \/>\n<meta name=\"robots\" content=\"index, follow, max-snippet:-1, max-image-preview:large, max-video-preview:-1\" \/>\n<link rel=\"canonical\" href=\"http:\/\/kommunikation.gaertnerhkk.de\/?p=1447\" \/>\n<meta property=\"og:locale\" content=\"de_DE\" \/>\n<meta property=\"og:type\" content=\"article\" \/>\n<meta property=\"og:title\" content=\"Bildung: \u00c4nderungen zum 1. August 2016 - gaertner hkk\" \/>\n<meta property=\"og:description\" content=\"Erweiterte F\u00f6rderm\u00f6glichkeiten bei Ma\u00dfnahmen zur Aktivierung und beruflichen Eingliederung\" \/>\n<meta property=\"og:url\" content=\"http:\/\/kommunikation.gaertnerhkk.de\/?p=1447\" \/>\n<meta property=\"og:site_name\" content=\"gaertner hkk\" \/>\n<meta property=\"article:publisher\" content=\"https:\/\/www.facebook.com\/gaertnerhkk.de\" \/>\n<meta property=\"article:published_time\" content=\"2016-08-02T08:56:19+00:00\" \/>\n<meta property=\"article:modified_time\" content=\"2016-08-02T09:01:50+00:00\" \/>\n<meta property=\"og:image\" content=\"http:\/\/kommunikation.gaertnerhkk.de\/wp-content\/uploads\/2015\/10\/Fotolia_37815848_XS.jpg\" \/>\n\t<meta property=\"og:image:width\" content=\"425\" \/>\n\t<meta property=\"og:image:height\" content=\"283\" \/>\n\t<meta property=\"og:image:type\" content=\"image\/jpeg\" \/>\n<meta name=\"author\" content=\"andrea\" \/>\n<meta name=\"twitter:card\" content=\"summary_large_image\" \/>\n<meta name=\"twitter:label1\" content=\"Verfasst von\" \/>\n\t<meta name=\"twitter:data1\" content=\"andrea\" \/>\n\t<meta name=\"twitter:label2\" content=\"Gesch\u00e4tzte Lesezeit\" \/>\n\t<meta name=\"twitter:data2\" content=\"1 Minute\" \/>\n<script type=\"application\/ld+json\" class=\"yoast-schema-graph\">{\"@context\":\"https:\/\/schema.org\",\"@graph\":[{\"@type\":\"WebPage\",\"@id\":\"http:\/\/kommunikation.gaertnerhkk.de\/?p=1447\",\"url\":\"http:\/\/kommunikation.gaertnerhkk.de\/?p=1447\",\"name\":\"Bildung: \u00c4nderungen zum 1. August 2016 - gaertner hkk\",\"isPartOf\":{\"@id\":\"http:\/\/kommunikation.gaertnerhkk.de\/#website\"},\"primaryImageOfPage\":{\"@id\":\"http:\/\/kommunikation.gaertnerhkk.de\/?p=1447#primaryimage\"},\"image\":{\"@id\":\"http:\/\/kommunikation.gaertnerhkk.de\/?p=1447#primaryimage\"},\"thumbnailUrl\":\"http:\/\/kommunikation.gaertnerhkk.de\/wp-content\/uploads\/2015\/10\/Fotolia_37815848_XS.jpg\",\"datePublished\":\"2016-08-02T08:56:19+00:00\",\"dateModified\":\"2016-08-02T09:01:50+00:00\",\"author\":{\"@id\":\"http:\/\/kommunikation.gaertnerhkk.de\/#\/schema\/person\/d05aaaadef4f18286349e0f161de1cdd\"},\"description\":\"Erweiterte F\u00f6rderm\u00f6glichkeiten bei Ma\u00dfnahmen zur Aktivierung und beruflichen Eingliederung\",\"breadcrumb\":{\"@id\":\"http:\/\/kommunikation.gaertnerhkk.de\/?p=1447#breadcrumb\"},\"inLanguage\":\"de-DE\",\"potentialAction\":[{\"@type\":\"ReadAction\",\"target\":[\"http:\/\/kommunikation.gaertnerhkk.de\/?p=1447\"]}]},{\"@type\":\"ImageObject\",\"inLanguage\":\"de-DE\",\"@id\":\"http:\/\/kommunikation.gaertnerhkk.de\/?p=1447#primaryimage\",\"url\":\"http:\/\/kommunikation.gaertnerhkk.de\/wp-content\/uploads\/2015\/10\/Fotolia_37815848_XS.jpg\",\"contentUrl\":\"http:\/\/kommunikation.gaertnerhkk.de\/wp-content\/uploads\/2015\/10\/Fotolia_37815848_XS.jpg\",\"width\":425,\"height\":283},{\"@type\":\"BreadcrumbList\",\"@id\":\"http:\/\/kommunikation.gaertnerhkk.de\/?p=1447#breadcrumb\",\"itemListElement\":[{\"@type\":\"ListItem\",\"position\":1,\"name\":\"Home\",\"item\":\"http:\/\/kommunikation.gaertnerhkk.de\/\"},{\"@type\":\"ListItem\",\"position\":2,\"name\":\"Bildung: \u00c4nderungen zum 1. August 2016\"}]},{\"@type\":\"WebSite\",\"@id\":\"http:\/\/kommunikation.gaertnerhkk.de\/#website\",\"url\":\"http:\/\/kommunikation.gaertnerhkk.de\/\",\"name\":\"gaertner hkk\",\"description\":\"Bildungsmanufaktur\",\"potentialAction\":[{\"@type\":\"SearchAction\",\"target\":{\"@type\":\"EntryPoint\",\"urlTemplate\":\"http:\/\/kommunikation.gaertnerhkk.de\/?s={search_term_string}\"},\"query-input\":\"required name=search_term_string\"}],\"inLanguage\":\"de-DE\"},{\"@type\":\"Person\",\"@id\":\"http:\/\/kommunikation.gaertnerhkk.de\/#\/schema\/person\/d05aaaadef4f18286349e0f161de1cdd\",\"name\":\"andrea\",\"sameAs\":[\"http:\/\/gaertnerhkk.de\"]}]}<\/script>\n<!-- \/ Yoast SEO plugin. -->","yoast_head_json":{"title":"Bildung: \u00c4nderungen zum 1. August 2016 - gaertner hkk","description":"Erweiterte F\u00f6rderm\u00f6glichkeiten bei Ma\u00dfnahmen zur Aktivierung und beruflichen Eingliederung","robots":{"index":"index","follow":"follow","max-snippet":"max-snippet:-1","max-image-preview":"max-image-preview:large","max-video-preview":"max-video-preview:-1"},"canonical":"http:\/\/kommunikation.gaertnerhkk.de\/?p=1447","og_locale":"de_DE","og_type":"article","og_title":"Bildung: \u00c4nderungen zum 1. August 2016 - gaertner hkk","og_description":"Erweiterte F\u00f6rderm\u00f6glichkeiten bei Ma\u00dfnahmen zur Aktivierung und beruflichen Eingliederung","og_url":"http:\/\/kommunikation.gaertnerhkk.de\/?p=1447","og_site_name":"gaertner hkk","article_publisher":"https:\/\/www.facebook.com\/gaertnerhkk.de","article_published_time":"2016-08-02T08:56:19+00:00","article_modified_time":"2016-08-02T09:01:50+00:00","og_image":[{"width":425,"height":283,"url":"http:\/\/kommunikation.gaertnerhkk.de\/wp-content\/uploads\/2015\/10\/Fotolia_37815848_XS.jpg","type":"image\/jpeg"}],"author":"andrea","twitter_card":"summary_large_image","twitter_misc":{"Verfasst von":"andrea","Gesch\u00e4tzte Lesezeit":"1 Minute"},"schema":{"@context":"https:\/\/schema.org","@graph":[{"@type":"WebPage","@id":"http:\/\/kommunikation.gaertnerhkk.de\/?p=1447","url":"http:\/\/kommunikation.gaertnerhkk.de\/?p=1447","name":"Bildung: \u00c4nderungen zum 1. August 2016 - gaertner hkk","isPartOf":{"@id":"http:\/\/kommunikation.gaertnerhkk.de\/#website"},"primaryImageOfPage":{"@id":"http:\/\/kommunikation.gaertnerhkk.de\/?p=1447#primaryimage"},"image":{"@id":"http:\/\/kommunikation.gaertnerhkk.de\/?p=1447#primaryimage"},"thumbnailUrl":"http:\/\/kommunikation.gaertnerhkk.de\/wp-content\/uploads\/2015\/10\/Fotolia_37815848_XS.jpg","datePublished":"2016-08-02T08:56:19+00:00","dateModified":"2016-08-02T09:01:50+00:00","author":{"@id":"http:\/\/kommunikation.gaertnerhkk.de\/#\/schema\/person\/d05aaaadef4f18286349e0f161de1cdd"},"description":"Erweiterte F\u00f6rderm\u00f6glichkeiten bei Ma\u00dfnahmen zur Aktivierung und beruflichen Eingliederung","breadcrumb":{"@id":"http:\/\/kommunikation.gaertnerhkk.de\/?p=1447#breadcrumb"},"inLanguage":"de-DE","potentialAction":[{"@type":"ReadAction","target":["http:\/\/kommunikation.gaertnerhkk.de\/?p=1447"]}]},{"@type":"ImageObject","inLanguage":"de-DE","@id":"http:\/\/kommunikation.gaertnerhkk.de\/?p=1447#primaryimage","url":"http:\/\/kommunikation.gaertnerhkk.de\/wp-content\/uploads\/2015\/10\/Fotolia_37815848_XS.jpg","contentUrl":"http:\/\/kommunikation.gaertnerhkk.de\/wp-content\/uploads\/2015\/10\/Fotolia_37815848_XS.jpg","width":425,"height":283},{"@type":"BreadcrumbList","@id":"http:\/\/kommunikation.gaertnerhkk.de\/?p=1447#breadcrumb","itemListElement":[{"@type":"ListItem","position":1,"name":"Home","item":"http:\/\/kommunikation.gaertnerhkk.de\/"},{"@type":"ListItem","position":2,"name":"Bildung: \u00c4nderungen zum 1. August 2016"}]},{"@type":"WebSite","@id":"http:\/\/kommunikation.gaertnerhkk.de\/#website","url":"http:\/\/kommunikation.gaertnerhkk.de\/","name":"gaertner hkk","description":"Bildungsmanufaktur","potentialAction":[{"@type":"SearchAction","target":{"@type":"EntryPoint","urlTemplate":"http:\/\/kommunikation.gaertnerhkk.de\/?s={search_term_string}"},"query-input":"required name=search_term_string"}],"inLanguage":"de-DE"},{"@type":"Person","@id":"http:\/\/kommunikation.gaertnerhkk.de\/#\/schema\/person\/d05aaaadef4f18286349e0f161de1cdd","name":"andrea","sameAs":["http:\/\/gaertnerhkk.de"]}]}},"_links":{"self":[{"href":"http:\/\/kommunikation.gaertnerhkk.de\/index.php?rest_route=\/wp\/v2\/posts\/1447"}],"collection":[{"href":"http:\/\/kommunikation.gaertnerhkk.de\/index.php?rest_route=\/wp\/v2\/posts"}],"about":[{"href":"http:\/\/kommunikation.gaertnerhkk.de\/index.php?rest_route=\/wp\/v2\/types\/post"}],"author":[{"embeddable":true,"href":"http:\/\/kommunikation.gaertnerhkk.de\/index.php?rest_route=\/wp\/v2\/users\/1"}],"replies":[{"embeddable":true,"href":"http:\/\/kommunikation.gaertnerhkk.de\/index.php?rest_route=%2Fwp%2Fv2%2Fcomments&post=1447"}],"version-history":[{"count":4,"href":"http:\/\/kommunikation.gaertnerhkk.de\/index.php?rest_route=\/wp\/v2\/posts\/1447\/revisions"}],"predecessor-version":[{"id":1452,"href":"http:\/\/kommunikation.gaertnerhkk.de\/index.php?rest_route=\/wp\/v2\/posts\/1447\/revisions\/1452"}],"wp:featuredmedia":[{"embeddable":true,"href":"http:\/\/kommunikation.gaertnerhkk.de\/index.php?rest_route=\/wp\/v2\/media\/1316"}],"wp:attachment":[{"href":"http:\/\/kommunikation.gaertnerhkk.de\/index.php?rest_route=%2Fwp%2Fv2%2Fmedia&parent=1447"}],"wp:term":[{"taxonomy":"category","embeddable":true,"href":"http:\/\/kommunikation.gaertnerhkk.de\/index.php?rest_route=%2Fwp%2Fv2%2Fcategories&post=1447"},{"taxonomy":"post_tag","embeddable":true,"href":"http:\/\/kommunikation.gaertnerhkk.de\/index.php?rest_route=%2Fwp%2Fv2%2Ftags&post=1447"}],"curies":[{"name":"wp","href":"https:\/\/api.w.org\/{rel}","templated":true}]}}