{"id":1454,"date":"2016-08-03T09:52:38","date_gmt":"2016-08-03T09:52:38","guid":{"rendered":"http:\/\/kommunikation.gaertnerhkk.de\/?p=1454"},"modified":"2016-08-03T09:52:38","modified_gmt":"2016-08-03T09:52:38","slug":"bildung-neu-aufstockung-auch-fuer-azubis","status":"publish","type":"post","link":"http:\/\/kommunikation.gaertnerhkk.de\/?p=1454","title":{"rendered":"Bildung: Neu: Aufstockung auch f\u00fcr Azubis"},"content":{"rendered":"<h3>Entwurf eines Neunten Gesetzes zur \u00c4nderung des <abbr title=\"Sozialgesetzbuch 2\">SGB II<\/abbr> \u2013 Rechtsvereinfachung<a id=\"set-post-thumbnail\" class=\"thickbox\" href=\"http:\/\/kommunikation.gaertnerhkk.de\/wp-admin\/media-upload.php?post_id=1454&amp;type=image&amp;TB_iframe=1\"><img loading=\"lazy\" decoding=\"async\" class=\"attachment-266x266 size-266x266 alignright\" src=\"http:\/\/kommunikation.gaertnerhkk.de\/wp-content\/uploads\/2016\/06\/Fotolia_104465772_XS.jpg\" sizes=\"(max-width: 266px) 100vw, 266px\" srcset=\"http:\/\/kommunikation.gaertnerhkk.de\/wp-content\/uploads\/2016\/06\/Fotolia_104465772_XS.jpg 424w, http:\/\/kommunikation.gaertnerhkk.de\/wp-content\/uploads\/2016\/06\/Fotolia_104465772_XS-300x200.jpg 300w\" alt=\"Duale Ausbildung\" width=\"266\" height=\"178\" \/><\/a><\/h3>\n<p>Um die Aufnahme von Ausbildungen zu erleichtern, wird die bestehende Schnittstelle zwischen der Ausbildungsf\u00f6rderung nach dem Bundesausbildungsf\u00f6rderungsgesetz beziehungsweise dem Dritten Buch Sozialgesetzbuch und der Grundsicherung f\u00fcr Arbeitsuchende entsch\u00e4rft. K\u00fcnftig ist es auch f\u00fcr Auszubildende m\u00f6glich, aufstockend Arbeitslosengeld <abbr title=\"zwei\">II<\/abbr> unter Anrechnung von Ausbildungsverg\u00fctung und Ausbildungsf\u00f6rderung zu erhalten. Auch wenn kein Anspruch auf Ausbildungsf\u00f6rderung w\u00e4hrend einer betrieblichen oder au\u00dferbetrieblichen Ausbildung besteht, kann k\u00fcnftig Arbeitslosengeld <abbr title=\"zwei\">II<\/abbr> beantragt werden. Dadurch wird die Aufnahme einer Ausbildung erleichtert sowie die Bereitschaft zur Aufnahme einer Ausbildung gest\u00e4rkt.<\/p>\n<p>Zudem sind Vereinfachungen in unterschiedlichen Bereichen vorgesehen (<abbr title=\"unter anderem\">u.a.<\/abbr> bei der Einkommensanrechnung, der Bewilligung von Leistungen f\u00fcr Wohnkosten sowie den Erstattungstatbest\u00e4nden). Zur Vermeidung von Erf\u00fcllungsaufwand in den Jobcentern und bei den Leistungsberechtigten wird der Regelbewilligungszeitraum f\u00fcr das Arbeitslosengeld <abbr title=\"zwei\">II<\/abbr> und das Sozialgeld auf zw\u00f6lf Monate verl\u00e4ngert.<\/p>\n<p class=\"hide-if-no-js\">\n","protected":false},"excerpt":{"rendered":"Entwurf eines Neunten Gesetzes zur \u00c4nderung des SGB II \u2013 Rechtsvereinfachung Um die Aufnahme von Ausbildungen zu erleichtern, wird die bestehende Schnittstelle zwischen der Ausbildungsf\u00f6rderung nach dem Bundesausbildungsf\u00f6rderungsgesetz beziehungsweise dem Dritten Buch Sozialgesetzbuch und der Grundsicherung f\u00fcr Arbeitsuchende entsch\u00e4rft. K\u00fcnftig ist es auch f\u00fcr Auszubildende m\u00f6glich, aufstockend Arbeitslosengeld II unter Anrechnung von Ausbildungsverg\u00fctung und Ausbildungsf\u00f6rderung ","protected":false},"author":1,"featured_media":1351,"comment_status":"open","ping_status":"open","sticky":false,"template":"","format":"standard","meta":{"footnotes":""},"categories":[1],"tags":[],"class_list":["post-1454","post","type-post","status-publish","format-standard","has-post-thumbnail","hentry","category-infos-zu-bildung"],"yoast_head":"<!-- This site is optimized with the Yoast SEO plugin v23.1 - https:\/\/yoast.com\/wordpress\/plugins\/seo\/ -->\n<title>Bildung: Neu: Aufstockung auch f\u00fcr Azubis - gaertner hkk<\/title>\n<meta name=\"robots\" content=\"index, follow, max-snippet:-1, max-image-preview:large, max-video-preview:-1\" \/>\n<link rel=\"canonical\" href=\"http:\/\/kommunikation.gaertnerhkk.de\/?p=1454\" \/>\n<meta property=\"og:locale\" content=\"de_DE\" \/>\n<meta property=\"og:type\" content=\"article\" \/>\n<meta property=\"og:title\" content=\"Bildung: Neu: Aufstockung auch f\u00fcr Azubis - gaertner hkk\" \/>\n<meta property=\"og:description\" content=\"Entwurf eines Neunten Gesetzes zur \u00c4nderung des SGB II \u2013 Rechtsvereinfachung Um die Aufnahme von Ausbildungen zu erleichtern, wird die bestehende Schnittstelle zwischen der Ausbildungsf\u00f6rderung nach dem Bundesausbildungsf\u00f6rderungsgesetz beziehungsweise dem Dritten Buch Sozialgesetzbuch und der Grundsicherung f\u00fcr Arbeitsuchende entsch\u00e4rft. K\u00fcnftig ist es auch f\u00fcr Auszubildende m\u00f6glich, aufstockend Arbeitslosengeld II unter Anrechnung von Ausbildungsverg\u00fctung und Ausbildungsf\u00f6rderung\" \/>\n<meta property=\"og:url\" content=\"http:\/\/kommunikation.gaertnerhkk.de\/?p=1454\" \/>\n<meta property=\"og:site_name\" content=\"gaertner hkk\" \/>\n<meta property=\"article:publisher\" content=\"https:\/\/www.facebook.com\/gaertnerhkk.de\" \/>\n<meta property=\"article:published_time\" content=\"2016-08-03T09:52:38+00:00\" \/>\n<meta property=\"og:image\" content=\"http:\/\/kommunikation.gaertnerhkk.de\/wp-content\/uploads\/2016\/06\/Fotolia_104465772_XS.jpg\" \/>\n\t<meta property=\"og:image:width\" content=\"424\" \/>\n\t<meta property=\"og:image:height\" content=\"283\" \/>\n\t<meta property=\"og:image:type\" content=\"image\/jpeg\" \/>\n<meta name=\"author\" content=\"andrea\" \/>\n<meta name=\"twitter:card\" content=\"summary_large_image\" \/>\n<meta name=\"twitter:label1\" content=\"Verfasst von\" \/>\n\t<meta name=\"twitter:data1\" content=\"andrea\" \/>\n\t<meta name=\"twitter:label2\" content=\"Gesch\u00e4tzte Lesezeit\" \/>\n\t<meta name=\"twitter:data2\" content=\"1 Minute\" \/>\n<script type=\"application\/ld+json\" class=\"yoast-schema-graph\">{\"@context\":\"https:\/\/schema.org\",\"@graph\":[{\"@type\":\"WebPage\",\"@id\":\"http:\/\/kommunikation.gaertnerhkk.de\/?p=1454\",\"url\":\"http:\/\/kommunikation.gaertnerhkk.de\/?p=1454\",\"name\":\"Bildung: Neu: Aufstockung auch f\u00fcr Azubis - gaertner hkk\",\"isPartOf\":{\"@id\":\"http:\/\/kommunikation.gaertnerhkk.de\/#website\"},\"primaryImageOfPage\":{\"@id\":\"http:\/\/kommunikation.gaertnerhkk.de\/?p=1454#primaryimage\"},\"image\":{\"@id\":\"http:\/\/kommunikation.gaertnerhkk.de\/?p=1454#primaryimage\"},\"thumbnailUrl\":\"http:\/\/kommunikation.gaertnerhkk.de\/wp-content\/uploads\/2016\/06\/Fotolia_104465772_XS.jpg\",\"datePublished\":\"2016-08-03T09:52:38+00:00\",\"dateModified\":\"2016-08-03T09:52:38+00:00\",\"author\":{\"@id\":\"http:\/\/kommunikation.gaertnerhkk.de\/#\/schema\/person\/d05aaaadef4f18286349e0f161de1cdd\"},\"breadcrumb\":{\"@id\":\"http:\/\/kommunikation.gaertnerhkk.de\/?p=1454#breadcrumb\"},\"inLanguage\":\"de-DE\",\"potentialAction\":[{\"@type\":\"ReadAction\",\"target\":[\"http:\/\/kommunikation.gaertnerhkk.de\/?p=1454\"]}]},{\"@type\":\"ImageObject\",\"inLanguage\":\"de-DE\",\"@id\":\"http:\/\/kommunikation.gaertnerhkk.de\/?p=1454#primaryimage\",\"url\":\"http:\/\/kommunikation.gaertnerhkk.de\/wp-content\/uploads\/2016\/06\/Fotolia_104465772_XS.jpg\",\"contentUrl\":\"http:\/\/kommunikation.gaertnerhkk.de\/wp-content\/uploads\/2016\/06\/Fotolia_104465772_XS.jpg\",\"width\":424,\"height\":283},{\"@type\":\"BreadcrumbList\",\"@id\":\"http:\/\/kommunikation.gaertnerhkk.de\/?p=1454#breadcrumb\",\"itemListElement\":[{\"@type\":\"ListItem\",\"position\":1,\"name\":\"Home\",\"item\":\"http:\/\/kommunikation.gaertnerhkk.de\/\"},{\"@type\":\"ListItem\",\"position\":2,\"name\":\"Bildung: Neu: Aufstockung auch f\u00fcr Azubis\"}]},{\"@type\":\"WebSite\",\"@id\":\"http:\/\/kommunikation.gaertnerhkk.de\/#website\",\"url\":\"http:\/\/kommunikation.gaertnerhkk.de\/\",\"name\":\"gaertner hkk\",\"description\":\"Bildungsmanufaktur\",\"potentialAction\":[{\"@type\":\"SearchAction\",\"target\":{\"@type\":\"EntryPoint\",\"urlTemplate\":\"http:\/\/kommunikation.gaertnerhkk.de\/?s={search_term_string}\"},\"query-input\":\"required name=search_term_string\"}],\"inLanguage\":\"de-DE\"},{\"@type\":\"Person\",\"@id\":\"http:\/\/kommunikation.gaertnerhkk.de\/#\/schema\/person\/d05aaaadef4f18286349e0f161de1cdd\",\"name\":\"andrea\",\"sameAs\":[\"http:\/\/gaertnerhkk.de\"]}]}<\/script>\n<!-- \/ Yoast SEO plugin. -->","yoast_head_json":{"title":"Bildung: Neu: Aufstockung auch f\u00fcr Azubis - gaertner hkk","robots":{"index":"index","follow":"follow","max-snippet":"max-snippet:-1","max-image-preview":"max-image-preview:large","max-video-preview":"max-video-preview:-1"},"canonical":"http:\/\/kommunikation.gaertnerhkk.de\/?p=1454","og_locale":"de_DE","og_type":"article","og_title":"Bildung: Neu: Aufstockung auch f\u00fcr Azubis - gaertner hkk","og_description":"Entwurf eines Neunten Gesetzes zur \u00c4nderung des SGB II \u2013 Rechtsvereinfachung Um die Aufnahme von Ausbildungen zu erleichtern, wird die bestehende Schnittstelle zwischen der Ausbildungsf\u00f6rderung nach dem Bundesausbildungsf\u00f6rderungsgesetz beziehungsweise dem Dritten Buch Sozialgesetzbuch und der Grundsicherung f\u00fcr Arbeitsuchende entsch\u00e4rft. K\u00fcnftig ist es auch f\u00fcr Auszubildende m\u00f6glich, aufstockend Arbeitslosengeld II unter Anrechnung von Ausbildungsverg\u00fctung und Ausbildungsf\u00f6rderung","og_url":"http:\/\/kommunikation.gaertnerhkk.de\/?p=1454","og_site_name":"gaertner hkk","article_publisher":"https:\/\/www.facebook.com\/gaertnerhkk.de","article_published_time":"2016-08-03T09:52:38+00:00","og_image":[{"width":424,"height":283,"url":"http:\/\/kommunikation.gaertnerhkk.de\/wp-content\/uploads\/2016\/06\/Fotolia_104465772_XS.jpg","type":"image\/jpeg"}],"author":"andrea","twitter_card":"summary_large_image","twitter_misc":{"Verfasst von":"andrea","Gesch\u00e4tzte Lesezeit":"1 Minute"},"schema":{"@context":"https:\/\/schema.org","@graph":[{"@type":"WebPage","@id":"http:\/\/kommunikation.gaertnerhkk.de\/?p=1454","url":"http:\/\/kommunikation.gaertnerhkk.de\/?p=1454","name":"Bildung: Neu: Aufstockung auch f\u00fcr Azubis - gaertner hkk","isPartOf":{"@id":"http:\/\/kommunikation.gaertnerhkk.de\/#website"},"primaryImageOfPage":{"@id":"http:\/\/kommunikation.gaertnerhkk.de\/?p=1454#primaryimage"},"image":{"@id":"http:\/\/kommunikation.gaertnerhkk.de\/?p=1454#primaryimage"},"thumbnailUrl":"http:\/\/kommunikation.gaertnerhkk.de\/wp-content\/uploads\/2016\/06\/Fotolia_104465772_XS.jpg","datePublished":"2016-08-03T09:52:38+00:00","dateModified":"2016-08-03T09:52:38+00:00","author":{"@id":"http:\/\/kommunikation.gaertnerhkk.de\/#\/schema\/person\/d05aaaadef4f18286349e0f161de1cdd"},"breadcrumb":{"@id":"http:\/\/kommunikation.gaertnerhkk.de\/?p=1454#breadcrumb"},"inLanguage":"de-DE","potentialAction":[{"@type":"ReadAction","target":["http:\/\/kommunikation.gaertnerhkk.de\/?p=1454"]}]},{"@type":"ImageObject","inLanguage":"de-DE","@id":"http:\/\/kommunikation.gaertnerhkk.de\/?p=1454#primaryimage","url":"http:\/\/kommunikation.gaertnerhkk.de\/wp-content\/uploads\/2016\/06\/Fotolia_104465772_XS.jpg","contentUrl":"http:\/\/kommunikation.gaertnerhkk.de\/wp-content\/uploads\/2016\/06\/Fotolia_104465772_XS.jpg","width":424,"height":283},{"@type":"BreadcrumbList","@id":"http:\/\/kommunikation.gaertnerhkk.de\/?p=1454#breadcrumb","itemListElement":[{"@type":"ListItem","position":1,"name":"Home","item":"http:\/\/kommunikation.gaertnerhkk.de\/"},{"@type":"ListItem","position":2,"name":"Bildung: Neu: Aufstockung auch f\u00fcr Azubis"}]},{"@type":"WebSite","@id":"http:\/\/kommunikation.gaertnerhkk.de\/#website","url":"http:\/\/kommunikation.gaertnerhkk.de\/","name":"gaertner hkk","description":"Bildungsmanufaktur","potentialAction":[{"@type":"SearchAction","target":{"@type":"EntryPoint","urlTemplate":"http:\/\/kommunikation.gaertnerhkk.de\/?s={search_term_string}"},"query-input":"required name=search_term_string"}],"inLanguage":"de-DE"},{"@type":"Person","@id":"http:\/\/kommunikation.gaertnerhkk.de\/#\/schema\/person\/d05aaaadef4f18286349e0f161de1cdd","name":"andrea","sameAs":["http:\/\/gaertnerhkk.de"]}]}},"_links":{"self":[{"href":"http:\/\/kommunikation.gaertnerhkk.de\/index.php?rest_route=\/wp\/v2\/posts\/1454"}],"collection":[{"href":"http:\/\/kommunikation.gaertnerhkk.de\/index.php?rest_route=\/wp\/v2\/posts"}],"about":[{"href":"http:\/\/kommunikation.gaertnerhkk.de\/index.php?rest_route=\/wp\/v2\/types\/post"}],"author":[{"embeddable":true,"href":"http:\/\/kommunikation.gaertnerhkk.de\/index.php?rest_route=\/wp\/v2\/users\/1"}],"replies":[{"embeddable":true,"href":"http:\/\/kommunikation.gaertnerhkk.de\/index.php?rest_route=%2Fwp%2Fv2%2Fcomments&post=1454"}],"version-history":[{"count":1,"href":"http:\/\/kommunikation.gaertnerhkk.de\/index.php?rest_route=\/wp\/v2\/posts\/1454\/revisions"}],"predecessor-version":[{"id":1472,"href":"http:\/\/kommunikation.gaertnerhkk.de\/index.php?rest_route=\/wp\/v2\/posts\/1454\/revisions\/1472"}],"wp:featuredmedia":[{"embeddable":true,"href":"http:\/\/kommunikation.gaertnerhkk.de\/index.php?rest_route=\/wp\/v2\/media\/1351"}],"wp:attachment":[{"href":"http:\/\/kommunikation.gaertnerhkk.de\/index.php?rest_route=%2Fwp%2Fv2%2Fmedia&parent=1454"}],"wp:term":[{"taxonomy":"category","embeddable":true,"href":"http:\/\/kommunikation.gaertnerhkk.de\/index.php?rest_route=%2Fwp%2Fv2%2Fcategories&post=1454"},{"taxonomy":"post_tag","embeddable":true,"href":"http:\/\/kommunikation.gaertnerhkk.de\/index.php?rest_route=%2Fwp%2Fv2%2Ftags&post=1454"}],"curies":[{"name":"wp","href":"https:\/\/api.w.org\/{rel}","templated":true}]}}