{"id":1456,"date":"2016-08-02T09:29:25","date_gmt":"2016-08-02T09:29:25","guid":{"rendered":"http:\/\/kommunikation.gaertnerhkk.de\/?p=1456"},"modified":"2016-08-02T12:54:06","modified_gmt":"2016-08-02T12:54:06","slug":"einbeziehung-notwendiger-grundkompetenzen-in-die-weiterbildungsfoerderung","status":"publish","type":"post","link":"http:\/\/kommunikation.gaertnerhkk.de\/?p=1456","title":{"rendered":"Grundkompetenzen &#8211; Weiterbildungsf\u00f6rderung"},"content":{"rendered":"<h4>Einbeziehung notwendiger Grundkompetenzen in die Weiterbildungsf\u00f6rderung<\/h4>\n<p>&#8222;Arbeitnehmerinnen und Arbeitnehmer, die noch nicht \u00fcber einen Berufsabschluss verf\u00fcgen, k\u00f6nnen zur Vorbereitung auf eine abschlussbezogene berufliche Weiterbildung F\u00f6rderleistungen zum Erwerb notwendiger Grundkompetenzen, insbesondere in den Bereichen Lesen, Schreiben, Mathematik und Informations- und Kommunikationstechnologien, erhalten, wenn dies f\u00fcr die erfolgreiche Teilnahme an einer Weiterbildungsma\u00dfnahme erforderlich ist. &#8220; Quelle: BMAS<\/p>\n<p>Informationen zu Kursen: <a href=\"http:\/\/kommunikation.gaertnerhkk.de\/?page_id=261\">PC-Grundlagen<\/a><\/p>\n<h4><img loading=\"lazy\" decoding=\"async\" class=\"attachment-266x266 size-266x266\" src=\"http:\/\/kommunikation.gaertnerhkk.de\/wp-content\/uploads\/2016\/06\/gaertnerhkk_Juni-2016_2_Seite_2-768x546.jpg\" sizes=\"(max-width: 266px) 100vw, 266px\" srcset=\"http:\/\/kommunikation.gaertnerhkk.de\/wp-content\/uploads\/2016\/06\/gaertnerhkk_Juni-2016_2_Seite_2-768x546.jpg 768w, http:\/\/kommunikation.gaertnerhkk.de\/wp-content\/uploads\/2016\/06\/gaertnerhkk_Juni-2016_2_Seite_2-300x213.jpg 300w, http:\/\/kommunikation.gaertnerhkk.de\/wp-content\/uploads\/2016\/06\/gaertnerhkk_Juni-2016_2_Seite_2-1024x728.jpg 1024w\" alt=\"gaertnerhkk_Juni 2016_2_Seite_2\" width=\"266\" height=\"189\" \/><\/h4>\n<p>Gerne informieren wir auch in einem pers\u00f6nlichen Gespr\u00e4ch. Vereinbaren Sie gleich einen Termin<\/p>\n<p>unter 0 68 31 5 00 37 56 oder schreiben Sie uns eine <a href=\"http:\/\/kommunikation.gaertnerhkk.de\/?page_id=464\">Mail!<\/a><\/p>\n","protected":false},"excerpt":{"rendered":"Einbeziehung notwendiger Grundkompetenzen in die Weiterbildungsf\u00f6rderung &#8222;Arbeitnehmerinnen und Arbeitnehmer, die noch nicht \u00fcber einen Berufsabschluss verf\u00fcgen, k\u00f6nnen zur Vorbereitung auf eine abschlussbezogene berufliche Weiterbildung F\u00f6rderleistungen zum Erwerb notwendiger Grundkompetenzen, insbesondere in den Bereichen Lesen, Schreiben, Mathematik und Informations- und Kommunikationstechnologien, erhalten, wenn dies f\u00fcr die erfolgreiche Teilnahme an einer Weiterbildungsma\u00dfnahme erforderlich ist. &#8220; Quelle: BMAS ","protected":false},"author":1,"featured_media":1260,"comment_status":"open","ping_status":"open","sticky":false,"template":"","format":"standard","meta":{"footnotes":""},"categories":[1],"tags":[],"class_list":["post-1456","post","type-post","status-publish","format-standard","has-post-thumbnail","hentry","category-infos-zu-bildung"],"yoast_head":"<!-- This site is optimized with the Yoast SEO plugin v23.1 - https:\/\/yoast.com\/wordpress\/plugins\/seo\/ -->\n<title>Grundkompetenzen - Weiterbildungsf\u00f6rderung - gaertner hkk<\/title>\n<meta name=\"description\" content=\"http:\/\/kommunikation.gaertnerhkk.de\/wp-admin\/media-upload.php?post_id=1456&amp;type=image&amp;TB_iframe=1&amp;width=753&amp;height=824\" \/>\n<meta name=\"robots\" content=\"index, follow, max-snippet:-1, max-image-preview:large, max-video-preview:-1\" \/>\n<link rel=\"canonical\" href=\"http:\/\/kommunikation.gaertnerhkk.de\/?p=1456\" \/>\n<meta property=\"og:locale\" content=\"de_DE\" \/>\n<meta property=\"og:type\" content=\"article\" \/>\n<meta property=\"og:title\" content=\"Grundkompetenzen - Weiterbildungsf\u00f6rderung - gaertner hkk\" \/>\n<meta property=\"og:description\" content=\"http:\/\/kommunikation.gaertnerhkk.de\/wp-admin\/media-upload.php?post_id=1456&amp;type=image&amp;TB_iframe=1&amp;width=753&amp;height=824\" \/>\n<meta property=\"og:url\" content=\"http:\/\/kommunikation.gaertnerhkk.de\/?p=1456\" \/>\n<meta property=\"og:site_name\" content=\"gaertner hkk\" \/>\n<meta property=\"article:publisher\" content=\"https:\/\/www.facebook.com\/gaertnerhkk.de\" \/>\n<meta property=\"article:published_time\" content=\"2016-08-02T09:29:25+00:00\" \/>\n<meta property=\"article:modified_time\" content=\"2016-08-02T12:54:06+00:00\" \/>\n<meta property=\"og:image\" content=\"http:\/\/kommunikation.gaertnerhkk.de\/wp-content\/uploads\/2016\/06\/gaertnerhkk_Juni-2016_2_Seite_2.jpg\" \/>\n\t<meta property=\"og:image:width\" content=\"2370\" \/>\n\t<meta property=\"og:image:height\" content=\"1685\" \/>\n\t<meta property=\"og:image:type\" content=\"image\/jpeg\" \/>\n<meta name=\"author\" content=\"andrea\" \/>\n<meta name=\"twitter:card\" content=\"summary_large_image\" \/>\n<meta name=\"twitter:label1\" content=\"Verfasst von\" \/>\n\t<meta name=\"twitter:data1\" content=\"andrea\" \/>\n<script type=\"application\/ld+json\" class=\"yoast-schema-graph\">{\"@context\":\"https:\/\/schema.org\",\"@graph\":[{\"@type\":\"WebPage\",\"@id\":\"http:\/\/kommunikation.gaertnerhkk.de\/?p=1456\",\"url\":\"http:\/\/kommunikation.gaertnerhkk.de\/?p=1456\",\"name\":\"Grundkompetenzen - Weiterbildungsf\u00f6rderung - gaertner hkk\",\"isPartOf\":{\"@id\":\"http:\/\/kommunikation.gaertnerhkk.de\/#website\"},\"primaryImageOfPage\":{\"@id\":\"http:\/\/kommunikation.gaertnerhkk.de\/?p=1456#primaryimage\"},\"image\":{\"@id\":\"http:\/\/kommunikation.gaertnerhkk.de\/?p=1456#primaryimage\"},\"thumbnailUrl\":\"http:\/\/kommunikation.gaertnerhkk.de\/wp-content\/uploads\/2016\/06\/gaertnerhkk_Juni-2016_2_Seite_2.jpg\",\"datePublished\":\"2016-08-02T09:29:25+00:00\",\"dateModified\":\"2016-08-02T12:54:06+00:00\",\"author\":{\"@id\":\"http:\/\/kommunikation.gaertnerhkk.de\/#\/schema\/person\/d05aaaadef4f18286349e0f161de1cdd\"},\"description\":\"http:\/\/kommunikation.gaertnerhkk.de\/wp-admin\/media-upload.php?post_id=1456&type=image&TB_iframe=1&width=753&height=824\",\"breadcrumb\":{\"@id\":\"http:\/\/kommunikation.gaertnerhkk.de\/?p=1456#breadcrumb\"},\"inLanguage\":\"de-DE\",\"potentialAction\":[{\"@type\":\"ReadAction\",\"target\":[\"http:\/\/kommunikation.gaertnerhkk.de\/?p=1456\"]}]},{\"@type\":\"ImageObject\",\"inLanguage\":\"de-DE\",\"@id\":\"http:\/\/kommunikation.gaertnerhkk.de\/?p=1456#primaryimage\",\"url\":\"http:\/\/kommunikation.gaertnerhkk.de\/wp-content\/uploads\/2016\/06\/gaertnerhkk_Juni-2016_2_Seite_2.jpg\",\"contentUrl\":\"http:\/\/kommunikation.gaertnerhkk.de\/wp-content\/uploads\/2016\/06\/gaertnerhkk_Juni-2016_2_Seite_2.jpg\",\"width\":2370,\"height\":1685},{\"@type\":\"BreadcrumbList\",\"@id\":\"http:\/\/kommunikation.gaertnerhkk.de\/?p=1456#breadcrumb\",\"itemListElement\":[{\"@type\":\"ListItem\",\"position\":1,\"name\":\"Home\",\"item\":\"http:\/\/kommunikation.gaertnerhkk.de\/\"},{\"@type\":\"ListItem\",\"position\":2,\"name\":\"Grundkompetenzen &#8211; Weiterbildungsf\u00f6rderung\"}]},{\"@type\":\"WebSite\",\"@id\":\"http:\/\/kommunikation.gaertnerhkk.de\/#website\",\"url\":\"http:\/\/kommunikation.gaertnerhkk.de\/\",\"name\":\"gaertner hkk\",\"description\":\"Bildungsmanufaktur\",\"potentialAction\":[{\"@type\":\"SearchAction\",\"target\":{\"@type\":\"EntryPoint\",\"urlTemplate\":\"http:\/\/kommunikation.gaertnerhkk.de\/?s={search_term_string}\"},\"query-input\":\"required name=search_term_string\"}],\"inLanguage\":\"de-DE\"},{\"@type\":\"Person\",\"@id\":\"http:\/\/kommunikation.gaertnerhkk.de\/#\/schema\/person\/d05aaaadef4f18286349e0f161de1cdd\",\"name\":\"andrea\",\"sameAs\":[\"http:\/\/gaertnerhkk.de\"]}]}<\/script>\n<!-- \/ Yoast SEO plugin. -->","yoast_head_json":{"title":"Grundkompetenzen - Weiterbildungsf\u00f6rderung - gaertner hkk","description":"http:\/\/kommunikation.gaertnerhkk.de\/wp-admin\/media-upload.php?post_id=1456&type=image&TB_iframe=1&width=753&height=824","robots":{"index":"index","follow":"follow","max-snippet":"max-snippet:-1","max-image-preview":"max-image-preview:large","max-video-preview":"max-video-preview:-1"},"canonical":"http:\/\/kommunikation.gaertnerhkk.de\/?p=1456","og_locale":"de_DE","og_type":"article","og_title":"Grundkompetenzen - Weiterbildungsf\u00f6rderung - gaertner hkk","og_description":"http:\/\/kommunikation.gaertnerhkk.de\/wp-admin\/media-upload.php?post_id=1456&type=image&TB_iframe=1&width=753&height=824","og_url":"http:\/\/kommunikation.gaertnerhkk.de\/?p=1456","og_site_name":"gaertner hkk","article_publisher":"https:\/\/www.facebook.com\/gaertnerhkk.de","article_published_time":"2016-08-02T09:29:25+00:00","article_modified_time":"2016-08-02T12:54:06+00:00","og_image":[{"width":2370,"height":1685,"url":"http:\/\/kommunikation.gaertnerhkk.de\/wp-content\/uploads\/2016\/06\/gaertnerhkk_Juni-2016_2_Seite_2.jpg","type":"image\/jpeg"}],"author":"andrea","twitter_card":"summary_large_image","twitter_misc":{"Verfasst von":"andrea"},"schema":{"@context":"https:\/\/schema.org","@graph":[{"@type":"WebPage","@id":"http:\/\/kommunikation.gaertnerhkk.de\/?p=1456","url":"http:\/\/kommunikation.gaertnerhkk.de\/?p=1456","name":"Grundkompetenzen - Weiterbildungsf\u00f6rderung - gaertner hkk","isPartOf":{"@id":"http:\/\/kommunikation.gaertnerhkk.de\/#website"},"primaryImageOfPage":{"@id":"http:\/\/kommunikation.gaertnerhkk.de\/?p=1456#primaryimage"},"image":{"@id":"http:\/\/kommunikation.gaertnerhkk.de\/?p=1456#primaryimage"},"thumbnailUrl":"http:\/\/kommunikation.gaertnerhkk.de\/wp-content\/uploads\/2016\/06\/gaertnerhkk_Juni-2016_2_Seite_2.jpg","datePublished":"2016-08-02T09:29:25+00:00","dateModified":"2016-08-02T12:54:06+00:00","author":{"@id":"http:\/\/kommunikation.gaertnerhkk.de\/#\/schema\/person\/d05aaaadef4f18286349e0f161de1cdd"},"description":"http:\/\/kommunikation.gaertnerhkk.de\/wp-admin\/media-upload.php?post_id=1456&type=image&TB_iframe=1&width=753&height=824","breadcrumb":{"@id":"http:\/\/kommunikation.gaertnerhkk.de\/?p=1456#breadcrumb"},"inLanguage":"de-DE","potentialAction":[{"@type":"ReadAction","target":["http:\/\/kommunikation.gaertnerhkk.de\/?p=1456"]}]},{"@type":"ImageObject","inLanguage":"de-DE","@id":"http:\/\/kommunikation.gaertnerhkk.de\/?p=1456#primaryimage","url":"http:\/\/kommunikation.gaertnerhkk.de\/wp-content\/uploads\/2016\/06\/gaertnerhkk_Juni-2016_2_Seite_2.jpg","contentUrl":"http:\/\/kommunikation.gaertnerhkk.de\/wp-content\/uploads\/2016\/06\/gaertnerhkk_Juni-2016_2_Seite_2.jpg","width":2370,"height":1685},{"@type":"BreadcrumbList","@id":"http:\/\/kommunikation.gaertnerhkk.de\/?p=1456#breadcrumb","itemListElement":[{"@type":"ListItem","position":1,"name":"Home","item":"http:\/\/kommunikation.gaertnerhkk.de\/"},{"@type":"ListItem","position":2,"name":"Grundkompetenzen &#8211; Weiterbildungsf\u00f6rderung"}]},{"@type":"WebSite","@id":"http:\/\/kommunikation.gaertnerhkk.de\/#website","url":"http:\/\/kommunikation.gaertnerhkk.de\/","name":"gaertner hkk","description":"Bildungsmanufaktur","potentialAction":[{"@type":"SearchAction","target":{"@type":"EntryPoint","urlTemplate":"http:\/\/kommunikation.gaertnerhkk.de\/?s={search_term_string}"},"query-input":"required name=search_term_string"}],"inLanguage":"de-DE"},{"@type":"Person","@id":"http:\/\/kommunikation.gaertnerhkk.de\/#\/schema\/person\/d05aaaadef4f18286349e0f161de1cdd","name":"andrea","sameAs":["http:\/\/gaertnerhkk.de"]}]}},"_links":{"self":[{"href":"http:\/\/kommunikation.gaertnerhkk.de\/index.php?rest_route=\/wp\/v2\/posts\/1456"}],"collection":[{"href":"http:\/\/kommunikation.gaertnerhkk.de\/index.php?rest_route=\/wp\/v2\/posts"}],"about":[{"href":"http:\/\/kommunikation.gaertnerhkk.de\/index.php?rest_route=\/wp\/v2\/types\/post"}],"author":[{"embeddable":true,"href":"http:\/\/kommunikation.gaertnerhkk.de\/index.php?rest_route=\/wp\/v2\/users\/1"}],"replies":[{"embeddable":true,"href":"http:\/\/kommunikation.gaertnerhkk.de\/index.php?rest_route=%2Fwp%2Fv2%2Fcomments&post=1456"}],"version-history":[{"count":8,"href":"http:\/\/kommunikation.gaertnerhkk.de\/index.php?rest_route=\/wp\/v2\/posts\/1456\/revisions"}],"predecessor-version":[{"id":1471,"href":"http:\/\/kommunikation.gaertnerhkk.de\/index.php?rest_route=\/wp\/v2\/posts\/1456\/revisions\/1471"}],"wp:featuredmedia":[{"embeddable":true,"href":"http:\/\/kommunikation.gaertnerhkk.de\/index.php?rest_route=\/wp\/v2\/media\/1260"}],"wp:attachment":[{"href":"http:\/\/kommunikation.gaertnerhkk.de\/index.php?rest_route=%2Fwp%2Fv2%2Fmedia&parent=1456"}],"wp:term":[{"taxonomy":"category","embeddable":true,"href":"http:\/\/kommunikation.gaertnerhkk.de\/index.php?rest_route=%2Fwp%2Fv2%2Fcategories&post=1456"},{"taxonomy":"post_tag","embeddable":true,"href":"http:\/\/kommunikation.gaertnerhkk.de\/index.php?rest_route=%2Fwp%2Fv2%2Ftags&post=1456"}],"curies":[{"name":"wp","href":"https:\/\/api.w.org\/{rel}","templated":true}]}}