{"id":1492,"date":"2016-09-13T07:51:34","date_gmt":"2016-09-13T07:51:34","guid":{"rendered":"http:\/\/kommunikation.gaertnerhkk.de\/?p=1492"},"modified":"2016-09-13T07:51:34","modified_gmt":"2016-09-13T07:51:34","slug":"sprachfoerderung-am-arbeitsplatz","status":"publish","type":"post","link":"http:\/\/kommunikation.gaertnerhkk.de\/?p=1492","title":{"rendered":"Sprachf\u00f6rderung am Arbeitsplatz"},"content":{"rendered":"<h1>Frankfurter Forderungen zur beruflichen Sprachf\u00f6rderung<\/h1>\n<p><!-- page title + teaser end--> <!-- Flex-Module: 1 --><\/p>\n<div class=\"flex-wordmodul\">\n<div class=\"wordmodul\">\n<p>&#8222;Um Unternehmen zuk\u00fcnftige potenzielle Fachkr\u00e4fte unter Langzeitarbeitslosen und Fl\u00fcchtlingen zu erschlie\u00dfen, sind berufsbezogene Sprachkenntnisse notwendig. Mit diesem Aspekt der Fachkr\u00e4fteentwicklung hat sich ein bundesweiter Kongress in der IHK Frankfurt besch\u00e4ftigt. Damit berufliche Sprachf\u00f6rderung k\u00fcnftig zur Fachkr\u00e4ftesicherung beitragen kann, haben rund 400 Vertreter von Unternehmen, Weiterbildungsanbieter, Politiker und Wissenschaftler gemeinsam mit Akteuren der Arbeitsmarktf\u00f6rderung sechs Handlungsfelder f\u00fcr Unternehmen und Politik identifiziert &#8230;.&#8220;<\/p>\n<p><a href=\"http:\/\/www.frankfurt-main.ihk.de\/standortpolitik\/fachkraefte_demografie_arbeitsmarkt\/zuwanderung_und_integration\/sprachfoerderung\/index.html\">Lesen<\/a> Sie hier den ganzen Artikel !<\/p>\n<\/div>\n<p>Quelle: http:\/\/www.frankfurt-main.ihk.de\/standortpolitik\/fachkraefte_demografie_arbeitsmarkt\/zuwanderung_und_integration\/sprachfoerderung\/index.html<\/p>\n<\/div>\n","protected":false},"excerpt":{"rendered":"Frankfurter Forderungen zur beruflichen Sprachf\u00f6rderung &#8222;Um Unternehmen zuk\u00fcnftige potenzielle Fachkr\u00e4fte unter Langzeitarbeitslosen und Fl\u00fcchtlingen zu erschlie\u00dfen, sind berufsbezogene Sprachkenntnisse notwendig. Mit diesem Aspekt der Fachkr\u00e4fteentwicklung hat sich ein bundesweiter Kongress in der IHK Frankfurt besch\u00e4ftigt. Damit berufliche Sprachf\u00f6rderung k\u00fcnftig zur Fachkr\u00e4ftesicherung beitragen kann, haben rund 400 Vertreter von Unternehmen, Weiterbildungsanbieter, Politiker und Wissenschaftler gemeinsam mit ","protected":false},"author":1,"featured_media":1322,"comment_status":"open","ping_status":"open","sticky":false,"template":"","format":"standard","meta":{"footnotes":""},"categories":[18],"tags":[198,191,179,200,199],"class_list":["post-1492","post","type-post","status-publish","format-standard","has-post-thumbnail","hentry","category-personalentwicklung","tag-arbeitsplaz-finden","tag-deutsch-im-beruf","tag-deutsch-lernen","tag-deutschfoerderung","tag-sprachintegration-am-arbeitsplatz"],"yoast_head":"<!-- This site is optimized with the Yoast SEO plugin v23.1 - https:\/\/yoast.com\/wordpress\/plugins\/seo\/ -->\n<title>Sprachf\u00f6rderung am Arbeitsplatz - gaertner hkk<\/title>\n<meta name=\"robots\" content=\"index, follow, max-snippet:-1, max-image-preview:large, max-video-preview:-1\" \/>\n<link rel=\"canonical\" href=\"http:\/\/kommunikation.gaertnerhkk.de\/?p=1492\" \/>\n<meta property=\"og:locale\" content=\"de_DE\" \/>\n<meta property=\"og:type\" content=\"article\" \/>\n<meta property=\"og:title\" content=\"Sprachf\u00f6rderung am Arbeitsplatz - gaertner hkk\" \/>\n<meta property=\"og:description\" content=\"Frankfurter Forderungen zur beruflichen Sprachf\u00f6rderung &#8222;Um Unternehmen zuk\u00fcnftige potenzielle Fachkr\u00e4fte unter Langzeitarbeitslosen und Fl\u00fcchtlingen zu erschlie\u00dfen, sind berufsbezogene Sprachkenntnisse notwendig. Mit diesem Aspekt der Fachkr\u00e4fteentwicklung hat sich ein bundesweiter Kongress in der IHK Frankfurt besch\u00e4ftigt. Damit berufliche Sprachf\u00f6rderung k\u00fcnftig zur Fachkr\u00e4ftesicherung beitragen kann, haben rund 400 Vertreter von Unternehmen, Weiterbildungsanbieter, Politiker und Wissenschaftler gemeinsam mit\" \/>\n<meta property=\"og:url\" content=\"http:\/\/kommunikation.gaertnerhkk.de\/?p=1492\" \/>\n<meta property=\"og:site_name\" content=\"gaertner hkk\" \/>\n<meta property=\"article:publisher\" content=\"https:\/\/www.facebook.com\/gaertnerhkk.de\" \/>\n<meta property=\"article:published_time\" content=\"2016-09-13T07:51:34+00:00\" \/>\n<meta property=\"og:image\" content=\"http:\/\/kommunikation.gaertnerhkk.de\/wp-content\/uploads\/2016\/07\/Fotolia_102295765_S.jpg\" \/>\n\t<meta property=\"og:image:width\" content=\"1010\" \/>\n\t<meta property=\"og:image:height\" content=\"475\" \/>\n\t<meta property=\"og:image:type\" content=\"image\/jpeg\" \/>\n<meta name=\"author\" content=\"andrea\" \/>\n<meta name=\"twitter:card\" content=\"summary_large_image\" \/>\n<meta name=\"twitter:label1\" content=\"Verfasst von\" \/>\n\t<meta name=\"twitter:data1\" content=\"andrea\" \/>\n<script type=\"application\/ld+json\" class=\"yoast-schema-graph\">{\"@context\":\"https:\/\/schema.org\",\"@graph\":[{\"@type\":\"WebPage\",\"@id\":\"http:\/\/kommunikation.gaertnerhkk.de\/?p=1492\",\"url\":\"http:\/\/kommunikation.gaertnerhkk.de\/?p=1492\",\"name\":\"Sprachf\u00f6rderung am Arbeitsplatz - gaertner hkk\",\"isPartOf\":{\"@id\":\"http:\/\/kommunikation.gaertnerhkk.de\/#website\"},\"primaryImageOfPage\":{\"@id\":\"http:\/\/kommunikation.gaertnerhkk.de\/?p=1492#primaryimage\"},\"image\":{\"@id\":\"http:\/\/kommunikation.gaertnerhkk.de\/?p=1492#primaryimage\"},\"thumbnailUrl\":\"http:\/\/kommunikation.gaertnerhkk.de\/wp-content\/uploads\/2016\/07\/Fotolia_102295765_S.jpg\",\"datePublished\":\"2016-09-13T07:51:34+00:00\",\"dateModified\":\"2016-09-13T07:51:34+00:00\",\"author\":{\"@id\":\"http:\/\/kommunikation.gaertnerhkk.de\/#\/schema\/person\/d05aaaadef4f18286349e0f161de1cdd\"},\"breadcrumb\":{\"@id\":\"http:\/\/kommunikation.gaertnerhkk.de\/?p=1492#breadcrumb\"},\"inLanguage\":\"de-DE\",\"potentialAction\":[{\"@type\":\"ReadAction\",\"target\":[\"http:\/\/kommunikation.gaertnerhkk.de\/?p=1492\"]}]},{\"@type\":\"ImageObject\",\"inLanguage\":\"de-DE\",\"@id\":\"http:\/\/kommunikation.gaertnerhkk.de\/?p=1492#primaryimage\",\"url\":\"http:\/\/kommunikation.gaertnerhkk.de\/wp-content\/uploads\/2016\/07\/Fotolia_102295765_S.jpg\",\"contentUrl\":\"http:\/\/kommunikation.gaertnerhkk.de\/wp-content\/uploads\/2016\/07\/Fotolia_102295765_S.jpg\",\"width\":1010,\"height\":475},{\"@type\":\"BreadcrumbList\",\"@id\":\"http:\/\/kommunikation.gaertnerhkk.de\/?p=1492#breadcrumb\",\"itemListElement\":[{\"@type\":\"ListItem\",\"position\":1,\"name\":\"Home\",\"item\":\"http:\/\/kommunikation.gaertnerhkk.de\/\"},{\"@type\":\"ListItem\",\"position\":2,\"name\":\"Sprachf\u00f6rderung am Arbeitsplatz\"}]},{\"@type\":\"WebSite\",\"@id\":\"http:\/\/kommunikation.gaertnerhkk.de\/#website\",\"url\":\"http:\/\/kommunikation.gaertnerhkk.de\/\",\"name\":\"gaertner hkk\",\"description\":\"Bildungsmanufaktur\",\"potentialAction\":[{\"@type\":\"SearchAction\",\"target\":{\"@type\":\"EntryPoint\",\"urlTemplate\":\"http:\/\/kommunikation.gaertnerhkk.de\/?s={search_term_string}\"},\"query-input\":\"required name=search_term_string\"}],\"inLanguage\":\"de-DE\"},{\"@type\":\"Person\",\"@id\":\"http:\/\/kommunikation.gaertnerhkk.de\/#\/schema\/person\/d05aaaadef4f18286349e0f161de1cdd\",\"name\":\"andrea\",\"sameAs\":[\"http:\/\/gaertnerhkk.de\"]}]}<\/script>\n<!-- \/ Yoast SEO plugin. -->","yoast_head_json":{"title":"Sprachf\u00f6rderung am Arbeitsplatz - gaertner hkk","robots":{"index":"index","follow":"follow","max-snippet":"max-snippet:-1","max-image-preview":"max-image-preview:large","max-video-preview":"max-video-preview:-1"},"canonical":"http:\/\/kommunikation.gaertnerhkk.de\/?p=1492","og_locale":"de_DE","og_type":"article","og_title":"Sprachf\u00f6rderung am Arbeitsplatz - gaertner hkk","og_description":"Frankfurter Forderungen zur beruflichen Sprachf\u00f6rderung &#8222;Um Unternehmen zuk\u00fcnftige potenzielle Fachkr\u00e4fte unter Langzeitarbeitslosen und Fl\u00fcchtlingen zu erschlie\u00dfen, sind berufsbezogene Sprachkenntnisse notwendig. Mit diesem Aspekt der Fachkr\u00e4fteentwicklung hat sich ein bundesweiter Kongress in der IHK Frankfurt besch\u00e4ftigt. Damit berufliche Sprachf\u00f6rderung k\u00fcnftig zur Fachkr\u00e4ftesicherung beitragen kann, haben rund 400 Vertreter von Unternehmen, Weiterbildungsanbieter, Politiker und Wissenschaftler gemeinsam mit","og_url":"http:\/\/kommunikation.gaertnerhkk.de\/?p=1492","og_site_name":"gaertner hkk","article_publisher":"https:\/\/www.facebook.com\/gaertnerhkk.de","article_published_time":"2016-09-13T07:51:34+00:00","og_image":[{"width":1010,"height":475,"url":"http:\/\/kommunikation.gaertnerhkk.de\/wp-content\/uploads\/2016\/07\/Fotolia_102295765_S.jpg","type":"image\/jpeg"}],"author":"andrea","twitter_card":"summary_large_image","twitter_misc":{"Verfasst von":"andrea"},"schema":{"@context":"https:\/\/schema.org","@graph":[{"@type":"WebPage","@id":"http:\/\/kommunikation.gaertnerhkk.de\/?p=1492","url":"http:\/\/kommunikation.gaertnerhkk.de\/?p=1492","name":"Sprachf\u00f6rderung am Arbeitsplatz - gaertner hkk","isPartOf":{"@id":"http:\/\/kommunikation.gaertnerhkk.de\/#website"},"primaryImageOfPage":{"@id":"http:\/\/kommunikation.gaertnerhkk.de\/?p=1492#primaryimage"},"image":{"@id":"http:\/\/kommunikation.gaertnerhkk.de\/?p=1492#primaryimage"},"thumbnailUrl":"http:\/\/kommunikation.gaertnerhkk.de\/wp-content\/uploads\/2016\/07\/Fotolia_102295765_S.jpg","datePublished":"2016-09-13T07:51:34+00:00","dateModified":"2016-09-13T07:51:34+00:00","author":{"@id":"http:\/\/kommunikation.gaertnerhkk.de\/#\/schema\/person\/d05aaaadef4f18286349e0f161de1cdd"},"breadcrumb":{"@id":"http:\/\/kommunikation.gaertnerhkk.de\/?p=1492#breadcrumb"},"inLanguage":"de-DE","potentialAction":[{"@type":"ReadAction","target":["http:\/\/kommunikation.gaertnerhkk.de\/?p=1492"]}]},{"@type":"ImageObject","inLanguage":"de-DE","@id":"http:\/\/kommunikation.gaertnerhkk.de\/?p=1492#primaryimage","url":"http:\/\/kommunikation.gaertnerhkk.de\/wp-content\/uploads\/2016\/07\/Fotolia_102295765_S.jpg","contentUrl":"http:\/\/kommunikation.gaertnerhkk.de\/wp-content\/uploads\/2016\/07\/Fotolia_102295765_S.jpg","width":1010,"height":475},{"@type":"BreadcrumbList","@id":"http:\/\/kommunikation.gaertnerhkk.de\/?p=1492#breadcrumb","itemListElement":[{"@type":"ListItem","position":1,"name":"Home","item":"http:\/\/kommunikation.gaertnerhkk.de\/"},{"@type":"ListItem","position":2,"name":"Sprachf\u00f6rderung am Arbeitsplatz"}]},{"@type":"WebSite","@id":"http:\/\/kommunikation.gaertnerhkk.de\/#website","url":"http:\/\/kommunikation.gaertnerhkk.de\/","name":"gaertner hkk","description":"Bildungsmanufaktur","potentialAction":[{"@type":"SearchAction","target":{"@type":"EntryPoint","urlTemplate":"http:\/\/kommunikation.gaertnerhkk.de\/?s={search_term_string}"},"query-input":"required name=search_term_string"}],"inLanguage":"de-DE"},{"@type":"Person","@id":"http:\/\/kommunikation.gaertnerhkk.de\/#\/schema\/person\/d05aaaadef4f18286349e0f161de1cdd","name":"andrea","sameAs":["http:\/\/gaertnerhkk.de"]}]}},"_links":{"self":[{"href":"http:\/\/kommunikation.gaertnerhkk.de\/index.php?rest_route=\/wp\/v2\/posts\/1492"}],"collection":[{"href":"http:\/\/kommunikation.gaertnerhkk.de\/index.php?rest_route=\/wp\/v2\/posts"}],"about":[{"href":"http:\/\/kommunikation.gaertnerhkk.de\/index.php?rest_route=\/wp\/v2\/types\/post"}],"author":[{"embeddable":true,"href":"http:\/\/kommunikation.gaertnerhkk.de\/index.php?rest_route=\/wp\/v2\/users\/1"}],"replies":[{"embeddable":true,"href":"http:\/\/kommunikation.gaertnerhkk.de\/index.php?rest_route=%2Fwp%2Fv2%2Fcomments&post=1492"}],"version-history":[{"count":1,"href":"http:\/\/kommunikation.gaertnerhkk.de\/index.php?rest_route=\/wp\/v2\/posts\/1492\/revisions"}],"predecessor-version":[{"id":1493,"href":"http:\/\/kommunikation.gaertnerhkk.de\/index.php?rest_route=\/wp\/v2\/posts\/1492\/revisions\/1493"}],"wp:featuredmedia":[{"embeddable":true,"href":"http:\/\/kommunikation.gaertnerhkk.de\/index.php?rest_route=\/wp\/v2\/media\/1322"}],"wp:attachment":[{"href":"http:\/\/kommunikation.gaertnerhkk.de\/index.php?rest_route=%2Fwp%2Fv2%2Fmedia&parent=1492"}],"wp:term":[{"taxonomy":"category","embeddable":true,"href":"http:\/\/kommunikation.gaertnerhkk.de\/index.php?rest_route=%2Fwp%2Fv2%2Fcategories&post=1492"},{"taxonomy":"post_tag","embeddable":true,"href":"http:\/\/kommunikation.gaertnerhkk.de\/index.php?rest_route=%2Fwp%2Fv2%2Ftags&post=1492"}],"curies":[{"name":"wp","href":"https:\/\/api.w.org\/{rel}","templated":true}]}}