{"id":305,"date":"2015-06-26T12:06:05","date_gmt":"2015-06-26T12:06:05","guid":{"rendered":"http:\/\/kommunikation.gaertnerhkk.de\/?p=305"},"modified":"2015-07-03T10:34:32","modified_gmt":"2015-07-03T10:34:32","slug":"tipps-zu-word","status":"publish","type":"post","link":"http:\/\/kommunikation.gaertnerhkk.de\/?p=305","title":{"rendered":"Tipps zu WORD"},"content":{"rendered":"<h2>Formatpinsel mehrmals anwenden<\/h2>\n<ol>\n<li>Doppelklicken Sie auf die Schaltfl\u00e4che Format \u00fcbertragen, wenn Sie das Format f\u00fcr mehrere Auswahlen in Ihrem Dokument \u00e4ndern m\u00f6chten.<\/li>\n<li>Markieren Sie den zu formatierenden Text bzw. die Grafik.<\/li>\n<li>Dr\u00fccken Sie die ESC-TASTE, um den Formatierungsvorgang zu beenden.<\/li>\n<\/ol>\n<h2>Zwischen Gro\u00df- und Kleinschreibung wechseln<\/h2>\n<p>Dr\u00fccken Sie SHIFT + F3 &#8211; bei jedem Mal wechselt das Wort, auf dem der Cursor steht seine Schreibweise.<\/p>\n<p>Einmal: <span style=\"color: #ff0000;\">alles klein<\/span> geschrieben,<\/p>\n<p>Zweimal F3:\u00a0 <span style=\"color: #ff0000;\">alles GRO\u00df<\/span> geschrieben<\/p>\n<p>Dreimal : der <span style=\"color: #ff0000;\">erste Buchstaben Gro\u00df<\/span>.<\/p>\n","protected":false},"excerpt":{"rendered":"Formatpinsel mehrmals anwenden Doppelklicken Sie auf die Schaltfl\u00e4che Format \u00fcbertragen, wenn Sie das Format f\u00fcr mehrere Auswahlen in Ihrem Dokument \u00e4ndern m\u00f6chten. Markieren Sie den zu formatierenden Text bzw. die Grafik. Dr\u00fccken Sie die ESC-TASTE, um den Formatierungsvorgang zu beenden. Zwischen Gro\u00df- und Kleinschreibung wechseln Dr\u00fccken Sie SHIFT + F3 &#8211; bei jedem Mal wechselt ","protected":false},"author":1,"featured_media":0,"comment_status":"open","ping_status":"open","sticky":false,"template":"","format":"standard","meta":{"footnotes":""},"categories":[17],"tags":[23,24,25,26,27,28,152,157,31,32,33,34,35,144,161,36,37,38,39,40,41,42,43,44,45,164,46,47,48,49,50,51,52,53,54,55,163,56,153,145,57,149,58,59,29,143,60,61,65,66,62,63,64,107,160,167,150,67,68,69,111,70,71,72,147,148,73,74,75,76,165,77,156,158,155,166,78,151,79,159,80,154,81,146,110,82,30,83,84,85,86,87,88,89,90,91,92,95,96,93,94,97,98,99,100,101,102,103,104,105,106,108,109,112,113,114,115,116,117,118,119,120,121,122,123,124,125,126,127,128,129,130,131,132,133,134,135,137,136,138,139,140,141,142,162],"class_list":["post-305","post","type-post","status-publish","format-standard","hentry","category-rund-um-den-pc","tag-abendschule-weiterbildung","tag-allgemeine-weiterbildung","tag-arbeitsagentur-arbeit","tag-arbeitsagentur-fortbildung-arbeitsagentur","tag-arbeitslos-und-weiterbildung","tag-arbeitslos-weiterbildung","tag-arbeitsmarkttraining","tag-arbeitsvermittler","tag-aus-und-weiterbildung","tag-aus-weiterbildung","tag-ausbildung-beruf","tag-ausbildung-berufsbegleitend","tag-ausbildung-fuer-erwachsene","tag-bearung","tag-beratung-fuer-arbeislose","tag-beratung-weiterbildung","tag-beruf-weiterbildung","tag-berufe","tag-berufe-net-arbeitsagentur","tag-berufliche-aus-und-weiterbildung","tag-berufliche-bildung","tag-berufliche-bildung-deutschland","tag-berufliche-bildung-in-deutschland","tag-berufliche-bildung-praktisch-unschlagbar","tag-berufliche-fortbildung","tag-berufliche-orientierung","tag-berufliche-weiterbildung-definition","tag-berufliche-weiterbildung-saarland","tag-berufliche-weiterbildungen","tag-beruflichen-weiterbildung","tag-berufsbegleitend","tag-berufsbegleitende-ausbildung","tag-berufsbegleitende-ausbildung-saarland","tag-berufsbegleitende-ausbildungen","tag-berufsbegleitende-fortbildung","tag-berufsbegleitende-weiterbildung","tag-berufsrueckkehrer","tag-betriebliche-weiterbildung","tag-bewerbungsunterlgen","tag-coaching","tag-die-weiterbildung","tag-einzelhandelskaufmann","tag-erwachsenen-und-weiterbildung","tag-erwachsenen-weiterbildung","tag-externen-pruefung","tag-externenpruefung-ihk","tag-fachkraft-fuer-lagerlogistik-weiterbildung","tag-fachliche-weiterbildung","tag-foerderung-beruflicher-weiterbildung","tag-foerderung-der-beruflichen-weiterbildung","tag-fort-und-weiterbildung","tag-fort-und-weiterbildungen","tag-fortbildung-arbeitsagentur","tag-gastronomie","tag-gesundheitsmanagement","tag-hilfe-bei-jobcenter","tag-innerbetriebliche-weiterbildung","tag-institut-fuer-berufliche-weiterbildung","tag-ist-weiterbildung","tag-it-weiterbildung","tag-iterbildung-im-beruf","tag-kaufmaennische-berufe","tag-kaufmaennische-weiterbildung","tag-kommunikation-weiterbildung","tag-kommunikationsmittel","tag-konfliktloesung","tag-kurs-weiterbildung","tag-marketing-weiterbildung","tag-nebenberufliche-weiterbildung","tag-netzwerk-weiterbildung","tag-neuer-beruf","tag-online-weiterbildung","tag-personalberatung","tag-personalmanagement","tag-personalvermittlung","tag-perspektiven-im-beruf","tag-private-weiterbildung","tag-profilpass-profiling","tag-schulische-weiterbildung","tag-schwierigkeiten-mit-personal","tag-staatlich-anerkannte-weiterbildung","tag-stellenvermittlung","tag-teilzeit-weiterbildung","tag-training","tag-we","tag-weiterbilden","tag-weiterbildung","tag-weiterbildung-50","tag-weiterbildung-50plus","tag-weiterbildung-abendschule","tag-weiterbildung-am-wochenende","tag-weiterbildung-arbeitslos","tag-weiterbildung-beruf","tag-weiterbildung-berufsbegleitend","tag-weiterbildung-beschaffung","tag-weiterbildung-betriebswirtschaft","tag-weiterbildung-buchhaltung","tag-weiterbildung-buero","tag-weiterbildung-buerokauffrau-weiterbildung-buerokaufmann","tag-weiterbildung-bw","tag-weiterbildung-bwl","tag-weiterbildung-einkauf","tag-weiterbildung-erlangen","tag-weiterbildung-erwachsene","tag-weiterbildung-finden","tag-weiterbildung-foerdern","tag-weiterbildung-fuer-arbeitslose","tag-weiterbildung-fuer-berufstaetige","tag-weiterbildung-fuer-erwachsene","tag-weiterbildung-fuer-frauen","tag-weiterbildung-fuer-kaufleute","tag-weiterbildung-gesundheitswesen","tag-weiterbildung-im-alter","tag-weiterbildung-im-oeffentlichen-dienst","tag-weiterbildung-in","tag-weiterbildung-industriekauffrau","tag-weiterbildung-kauffrau-weiterbildung-kaufmann","tag-weiterbildung-kaufmaennischer-bereich","tag-weiterbildung-kommunikation","tag-weiterbildung-kosten","tag-weiterbildung-marketing","tag-weiterbildung-mit-40","tag-weiterbildung-mit-50","tag-weiterbildung-mit-hauptschulabschluss","tag-weiterbildung-mit-kind","tag-weiterbildung-mit-zukunft","tag-weiterbildung-mv","tag-weiterbildung-neben-beruf","tag-weiterbildung-neben-dem-beruf","tag-weiterbildung-organisationsmanagement","tag-weiterbildung-personal","tag-weiterbildung-personalwesen","tag-weiterbildung-sekretaerin","tag-weiterbildung-service","tag-weiterbildung-tourismus","tag-weiterbildung-von-zu-hause","tag-weiterbildung-von-zuhause","tag-weiterbildung-waehrend-elternzeit","tag-weiterbildung-wirtschaft","tag-weiterbildung-zertifikat","tag-weiterbildung-zum","tag-weiterbildungen","tag-welche-weiterbildung","tag-welche-weiterbildung-passt-zu-mir","tag-wiedereinstieg"],"yoast_head":"<!-- This site is optimized with the Yoast SEO plugin v23.1 - https:\/\/yoast.com\/wordpress\/plugins\/seo\/ -->\n<title>Tipps zu WORD - gaertner hkk<\/title>\n<meta name=\"robots\" content=\"index, follow, max-snippet:-1, max-image-preview:large, max-video-preview:-1\" \/>\n<link rel=\"canonical\" href=\"http:\/\/kommunikation.gaertnerhkk.de\/?p=305\" \/>\n<meta property=\"og:locale\" content=\"de_DE\" \/>\n<meta property=\"og:type\" content=\"article\" \/>\n<meta property=\"og:title\" content=\"Tipps zu WORD - gaertner hkk\" \/>\n<meta property=\"og:description\" content=\"Formatpinsel mehrmals anwenden Doppelklicken Sie auf die Schaltfl\u00e4che Format \u00fcbertragen, wenn Sie das Format f\u00fcr mehrere Auswahlen in Ihrem Dokument \u00e4ndern m\u00f6chten. Markieren Sie den zu formatierenden Text bzw. die Grafik. Dr\u00fccken Sie die ESC-TASTE, um den Formatierungsvorgang zu beenden. Zwischen Gro\u00df- und Kleinschreibung wechseln Dr\u00fccken Sie SHIFT + F3 &#8211; bei jedem Mal wechselt\" \/>\n<meta property=\"og:url\" content=\"http:\/\/kommunikation.gaertnerhkk.de\/?p=305\" \/>\n<meta property=\"og:site_name\" content=\"gaertner hkk\" \/>\n<meta property=\"article:publisher\" content=\"https:\/\/www.facebook.com\/gaertnerhkk.de\" \/>\n<meta property=\"article:published_time\" content=\"2015-06-26T12:06:05+00:00\" \/>\n<meta property=\"article:modified_time\" content=\"2015-07-03T10:34:32+00:00\" \/>\n<meta name=\"author\" content=\"andrea\" \/>\n<meta name=\"twitter:card\" content=\"summary_large_image\" \/>\n<meta name=\"twitter:label1\" content=\"Verfasst von\" \/>\n\t<meta name=\"twitter:data1\" content=\"andrea\" \/>\n<script type=\"application\/ld+json\" class=\"yoast-schema-graph\">{\"@context\":\"https:\/\/schema.org\",\"@graph\":[{\"@type\":\"WebPage\",\"@id\":\"http:\/\/kommunikation.gaertnerhkk.de\/?p=305\",\"url\":\"http:\/\/kommunikation.gaertnerhkk.de\/?p=305\",\"name\":\"Tipps zu WORD - gaertner hkk\",\"isPartOf\":{\"@id\":\"http:\/\/kommunikation.gaertnerhkk.de\/#website\"},\"datePublished\":\"2015-06-26T12:06:05+00:00\",\"dateModified\":\"2015-07-03T10:34:32+00:00\",\"author\":{\"@id\":\"http:\/\/kommunikation.gaertnerhkk.de\/#\/schema\/person\/d05aaaadef4f18286349e0f161de1cdd\"},\"breadcrumb\":{\"@id\":\"http:\/\/kommunikation.gaertnerhkk.de\/?p=305#breadcrumb\"},\"inLanguage\":\"de-DE\",\"potentialAction\":[{\"@type\":\"ReadAction\",\"target\":[\"http:\/\/kommunikation.gaertnerhkk.de\/?p=305\"]}]},{\"@type\":\"BreadcrumbList\",\"@id\":\"http:\/\/kommunikation.gaertnerhkk.de\/?p=305#breadcrumb\",\"itemListElement\":[{\"@type\":\"ListItem\",\"position\":1,\"name\":\"Home\",\"item\":\"http:\/\/kommunikation.gaertnerhkk.de\/\"},{\"@type\":\"ListItem\",\"position\":2,\"name\":\"Tipps zu WORD\"}]},{\"@type\":\"WebSite\",\"@id\":\"http:\/\/kommunikation.gaertnerhkk.de\/#website\",\"url\":\"http:\/\/kommunikation.gaertnerhkk.de\/\",\"name\":\"gaertner hkk\",\"description\":\"Bildungsmanufaktur\",\"potentialAction\":[{\"@type\":\"SearchAction\",\"target\":{\"@type\":\"EntryPoint\",\"urlTemplate\":\"http:\/\/kommunikation.gaertnerhkk.de\/?s={search_term_string}\"},\"query-input\":\"required name=search_term_string\"}],\"inLanguage\":\"de-DE\"},{\"@type\":\"Person\",\"@id\":\"http:\/\/kommunikation.gaertnerhkk.de\/#\/schema\/person\/d05aaaadef4f18286349e0f161de1cdd\",\"name\":\"andrea\",\"sameAs\":[\"http:\/\/gaertnerhkk.de\"]}]}<\/script>\n<!-- \/ Yoast SEO plugin. -->","yoast_head_json":{"title":"Tipps zu WORD - gaertner hkk","robots":{"index":"index","follow":"follow","max-snippet":"max-snippet:-1","max-image-preview":"max-image-preview:large","max-video-preview":"max-video-preview:-1"},"canonical":"http:\/\/kommunikation.gaertnerhkk.de\/?p=305","og_locale":"de_DE","og_type":"article","og_title":"Tipps zu WORD - gaertner hkk","og_description":"Formatpinsel mehrmals anwenden Doppelklicken Sie auf die Schaltfl\u00e4che Format \u00fcbertragen, wenn Sie das Format f\u00fcr mehrere Auswahlen in Ihrem Dokument \u00e4ndern m\u00f6chten. Markieren Sie den zu formatierenden Text bzw. die Grafik. Dr\u00fccken Sie die ESC-TASTE, um den Formatierungsvorgang zu beenden. Zwischen Gro\u00df- und Kleinschreibung wechseln Dr\u00fccken Sie SHIFT + F3 &#8211; bei jedem Mal wechselt","og_url":"http:\/\/kommunikation.gaertnerhkk.de\/?p=305","og_site_name":"gaertner hkk","article_publisher":"https:\/\/www.facebook.com\/gaertnerhkk.de","article_published_time":"2015-06-26T12:06:05+00:00","article_modified_time":"2015-07-03T10:34:32+00:00","author":"andrea","twitter_card":"summary_large_image","twitter_misc":{"Verfasst von":"andrea"},"schema":{"@context":"https:\/\/schema.org","@graph":[{"@type":"WebPage","@id":"http:\/\/kommunikation.gaertnerhkk.de\/?p=305","url":"http:\/\/kommunikation.gaertnerhkk.de\/?p=305","name":"Tipps zu WORD - gaertner hkk","isPartOf":{"@id":"http:\/\/kommunikation.gaertnerhkk.de\/#website"},"datePublished":"2015-06-26T12:06:05+00:00","dateModified":"2015-07-03T10:34:32+00:00","author":{"@id":"http:\/\/kommunikation.gaertnerhkk.de\/#\/schema\/person\/d05aaaadef4f18286349e0f161de1cdd"},"breadcrumb":{"@id":"http:\/\/kommunikation.gaertnerhkk.de\/?p=305#breadcrumb"},"inLanguage":"de-DE","potentialAction":[{"@type":"ReadAction","target":["http:\/\/kommunikation.gaertnerhkk.de\/?p=305"]}]},{"@type":"BreadcrumbList","@id":"http:\/\/kommunikation.gaertnerhkk.de\/?p=305#breadcrumb","itemListElement":[{"@type":"ListItem","position":1,"name":"Home","item":"http:\/\/kommunikation.gaertnerhkk.de\/"},{"@type":"ListItem","position":2,"name":"Tipps zu WORD"}]},{"@type":"WebSite","@id":"http:\/\/kommunikation.gaertnerhkk.de\/#website","url":"http:\/\/kommunikation.gaertnerhkk.de\/","name":"gaertner hkk","description":"Bildungsmanufaktur","potentialAction":[{"@type":"SearchAction","target":{"@type":"EntryPoint","urlTemplate":"http:\/\/kommunikation.gaertnerhkk.de\/?s={search_term_string}"},"query-input":"required name=search_term_string"}],"inLanguage":"de-DE"},{"@type":"Person","@id":"http:\/\/kommunikation.gaertnerhkk.de\/#\/schema\/person\/d05aaaadef4f18286349e0f161de1cdd","name":"andrea","sameAs":["http:\/\/gaertnerhkk.de"]}]}},"_links":{"self":[{"href":"http:\/\/kommunikation.gaertnerhkk.de\/index.php?rest_route=\/wp\/v2\/posts\/305"}],"collection":[{"href":"http:\/\/kommunikation.gaertnerhkk.de\/index.php?rest_route=\/wp\/v2\/posts"}],"about":[{"href":"http:\/\/kommunikation.gaertnerhkk.de\/index.php?rest_route=\/wp\/v2\/types\/post"}],"author":[{"embeddable":true,"href":"http:\/\/kommunikation.gaertnerhkk.de\/index.php?rest_route=\/wp\/v2\/users\/1"}],"replies":[{"embeddable":true,"href":"http:\/\/kommunikation.gaertnerhkk.de\/index.php?rest_route=%2Fwp%2Fv2%2Fcomments&post=305"}],"version-history":[{"count":2,"href":"http:\/\/kommunikation.gaertnerhkk.de\/index.php?rest_route=\/wp\/v2\/posts\/305\/revisions"}],"predecessor-version":[{"id":309,"href":"http:\/\/kommunikation.gaertnerhkk.de\/index.php?rest_route=\/wp\/v2\/posts\/305\/revisions\/309"}],"wp:attachment":[{"href":"http:\/\/kommunikation.gaertnerhkk.de\/index.php?rest_route=%2Fwp%2Fv2%2Fmedia&parent=305"}],"wp:term":[{"taxonomy":"category","embeddable":true,"href":"http:\/\/kommunikation.gaertnerhkk.de\/index.php?rest_route=%2Fwp%2Fv2%2Fcategories&post=305"},{"taxonomy":"post_tag","embeddable":true,"href":"http:\/\/kommunikation.gaertnerhkk.de\/index.php?rest_route=%2Fwp%2Fv2%2Ftags&post=305"}],"curies":[{"name":"wp","href":"https:\/\/api.w.org\/{rel}","templated":true}]}}