{"id":325,"date":"2015-06-26T12:48:45","date_gmt":"2015-06-26T12:48:45","guid":{"rendered":"http:\/\/kommunikation.gaertnerhkk.de\/?p=325"},"modified":"2015-07-03T10:33:27","modified_gmt":"2015-07-03T10:33:27","slug":"bildungsgutschein","status":"publish","type":"post","link":"http:\/\/kommunikation.gaertnerhkk.de\/?p=325","title":{"rendered":"Bildungsgutschein"},"content":{"rendered":"<p>Quelle: Agentur f\u00fcr Arbeit<\/p>\n<h1>Bildungsgutschein<\/h1>\n<div class=\"mc-col1\">\n<p class=\"cr-short-description\"><strong>Im Rahmen der F\u00f6rderung der beruflichen Weiterbildung k\u00f6nnen die Agenturen f\u00fcr Arbeit bei Vorliegen der F\u00f6rderungsvoraussetzungen Bildungsgutscheine f\u00fcr zuvor individuell festgestellte Bildungsbedarfe aush\u00e4ndigen.<\/strong><\/p>\n<div>\n<h2><span id=\"Grundstzliches\" class=\"tocHeading\">Grunds\u00e4tzliches<\/span><\/h2>\n<p>Der Bildungsgutschein weist unter anderem das Bildungsziel, die zum Erreichen des Bildungsziels erforderliche Dauer, den regionalen Geltungsbereich und die G\u00fcltigkeitsdauer von l\u00e4ngstens drei Monaten, in der der Bildungsgutschein eingel\u00f6st werden muss, aus. Unter den im Bildungsgutschein festgelegten Bedingungen kann die Bildungsinteressentin oder der Bildungsinteressent den Bildungsgutschein bei einem f\u00fcr die Weiterbildungsf\u00f6rderung zugelassenen Tr\u00e4ger seiner Wahl einl\u00f6sen. Aber auch die Ma\u00dfnahme muss f\u00fcr die Weiterbildungsf\u00f6rderung zugelassen sein.<\/p>\n<h2><span id=\"Voraussetzungen\" class=\"tocHeading\">Voraussetzungen<\/span><\/h2>\n<p>Die Teilnahme muss notwendig sein, um die Arbeitnehmerin oder den Arbeitnehmer bei Arbeitslosigkeit beruflich einzugliedern, eine konkret drohende Arbeitslosigkeit abzuwenden, oder weil die Notwendigkeit einer Weiterbildung wegen fehlenden Berufsabschlusses anerkannt ist.<\/p>\n<p>Die Feststellungen zur Notwendigkeit einer Weiterbildung schlie\u00dfen immer auch die arbeitsmarktlichen Bedingungen ein. Das hei\u00dft, die Agentur f\u00fcr Arbeit muss abw\u00e4gen, ob zum Beispiel die Arbeitslosigkeit auch ohne eine Weiterbildung beendet werden kann, ob andere arbeitsmarktpolitische Instrumente erfolgversprechender sind und ob mit dem angestrebten Bildungsziel mit hinreichender Wahrscheinlichkeit eine Eingliederung auf dem Arbeitsmarkt erwartet werden kann.<\/p>\n<p>Die Antragsteller\/innen m\u00fcssen in der Regel entweder eine Berufsausbildung abgeschlossen oder drei Jahre eine berufliche T\u00e4tigkeit ausge\u00fcbt haben. Vor Beginn der Teilnahme an einer Weiterbildung muss eine Beratung durch die Agentur f\u00fcr Arbeit erfolgt sein.<\/p>\n<p>Der Arbeitnehmerin oder dem Arbeitnehmer wird das Vorliegen der Voraussetzungen mit dem Bildungsgutschein bescheinigt. Der Bildungsgutschein ist eine Zusicherung, dass die durch die Teilnahme an der Weiterbildung anfallenden Kosten \u00fcbernommen werden.<\/p>\n<h2><span id=\"EinlsendesBildungsgutscheins\" class=\"tocHeading\">Einl\u00f6sen des Bildungsgutscheins<\/span><\/h2>\n<p>Die Inhaberin oder der Inhaber des Bildungsgutscheins muss innerhalb der G\u00fcltigkeitsdauer mit der Ma\u00dfnahme beginnen, sonst verf\u00e4llt der Gutschein. Wenn der Bewerber zum Beispiel innerhalb des G\u00fcltigkeitszeitraums kein geeignetes Weiterbildungsangebot gefunden hat, wird gegebenenfalls ein neuer Gutschein ausgeh\u00e4ndigt.<\/p>\n<p>Die Teilnehmerin oder der Teilnehmer kann den Bildungsgutschein innerhalb der G\u00fcltigkeitsfrist f\u00fcr die Teilnahme an einer zugelassenen Ma\u00dfnahme mit einem dem Bildungsgutschein entsprechenden Bildungsziel einl\u00f6sen. Als Nachweis f\u00fcr die Zulassung einer Weiterbildungsma\u00dfnahme kann vom Tr\u00e4ger der Ma\u00dfnahme ein Zertifikat einer fachkundigen Stelle vorgelegt werden. Informationen \u00fcber zugelassene Ma\u00dfnahmen enth\u00e4lt auch die Aus- und Weiterbildungsdatenbank KURSNET. Die Zulassung muss zum Zeitpunkt des Eintritts in die Weiterbildung g\u00fcltig sein. Die von der Teilnehmerin oder vom Teilnehmer ausgew\u00e4hlte Bildungsst\u00e4tte best\u00e4tigt auf dem Bildungsgutschein (Ausfertigung f\u00fcr den Tr\u00e4ger) die Aufnahme in die zugelassene Ma\u00dfnahme und legt den Bildungsgutschein vor Beginn der Ma\u00dfnahme bei der den Gutschein ausstellenden Agentur f\u00fcr Arbeit vor.<\/p>\n<h2><span id=\"WasmssenSiebeachten\" class=\"tocHeading\">Was m\u00fcssen Sie beachten?<\/span><\/h2>\n<p>Bei Eingang des Bildungsgutscheins pr\u00fcft die Agentur f\u00fcr Arbeit, ob die von der Teilnehmerin oder vom Teilnehmer ausgew\u00e4hlte Ma\u00dfnahme mit den Konditionen des Bildungsgutscheins \u00fcbereinstimmt. Bei Nicht\u00fcbereinstimmung ist die Einl\u00f6sung in Frage gestellt; in Ausnahmef\u00e4llen kann nachtr\u00e4glich geringf\u00fcgigen Abweichungen, zum Beispiel inhaltlicher Art, zugestimmt werden. Die Einl\u00f6sung des Bildungsgutscheins ist auch in Frage gestellt, wenn ein\/e Weiterbildungsinteressent\/in in die Weiterbildung aufgenommen wurde, obwohl sie\/er die Zugangsvoraussetzungen nicht erf\u00fcllt und von einer erfolgreichen Teilnahme nicht ausgegangen wird. Der Gutschein verliert seine G\u00fcltigkeit, wenn er nicht vor Ma\u00dfnahmeeintritt vom Bildungstr\u00e4ger der zust\u00e4ndigen Agentur f\u00fcr Arbeit vorgelegt wird.<\/p>\n<p>Damit die Leistung zeitnah bewilligt werden kann, reichen Sie bitte die von der Agentur f\u00fcr Arbeit ausgeh\u00e4ndigten Formulare rechtzeitig vor Beginn bei der Agentur f\u00fcr Arbeit ein.<\/p>\n<p>Weitere Informationen erhalten Sie im Merkblatt 6 &#8222;F\u00f6rderung der beruflichen Weiterbildung&#8220;.<\/p>\n<p>Die obigen Ausf\u00fchrungen gelten in gleicher Weise f\u00fcr die Ausgabe von Bildungsgutscheinen an erwerbsf\u00e4hige Hilfebed\u00fcrftige, die Leistungen nach dem Sozialgesetzbuch Zweites Buch erhalten.<\/p>\n<\/div>\n<\/div>\n","protected":false},"excerpt":{"rendered":"Quelle: Agentur f\u00fcr Arbeit Bildungsgutschein Im Rahmen der F\u00f6rderung der beruflichen Weiterbildung k\u00f6nnen die Agenturen f\u00fcr Arbeit bei Vorliegen der F\u00f6rderungsvoraussetzungen Bildungsgutscheine f\u00fcr zuvor individuell festgestellte Bildungsbedarfe aush\u00e4ndigen. Grunds\u00e4tzliches Der Bildungsgutschein weist unter anderem das Bildungsziel, die zum Erreichen des Bildungsziels erforderliche Dauer, den regionalen Geltungsbereich und die G\u00fcltigkeitsdauer von l\u00e4ngstens drei Monaten, in der ","protected":false},"author":1,"featured_media":300,"comment_status":"open","ping_status":"open","sticky":false,"template":"","format":"standard","meta":{"footnotes":""},"categories":[1],"tags":[23,24,25,26,27,28,152,157,31,32,33,34,35,144,161,36,37,38,39,40,41,42,43,44,45,164,46,47,48,49,50,51,52,53,54,55,163,56,153,145,57,149,58,59,29,143,60,61,65,66,62,63,64,107,160,167,150,67,68,69,111,70,71,72,147,148,73,74,75,76,165,77,156,158,155,166,78,151,79,159,80,154,81,146,110,82,30,83,84,85,86,87,88,89,90,91,92,95,96,93,94,97,98,99,100,101,102,103,104,105,106,108,109,112,113,114,115,116,117,118,119,120,121,122,123,124,125,126,127,128,129,130,131,132,133,134,135,137,136,138,139,140,141,142,162],"class_list":["post-325","post","type-post","status-publish","format-standard","has-post-thumbnail","hentry","category-infos-zu-bildung","tag-abendschule-weiterbildung","tag-allgemeine-weiterbildung","tag-arbeitsagentur-arbeit","tag-arbeitsagentur-fortbildung-arbeitsagentur","tag-arbeitslos-und-weiterbildung","tag-arbeitslos-weiterbildung","tag-arbeitsmarkttraining","tag-arbeitsvermittler","tag-aus-und-weiterbildung","tag-aus-weiterbildung","tag-ausbildung-beruf","tag-ausbildung-berufsbegleitend","tag-ausbildung-fuer-erwachsene","tag-bearung","tag-beratung-fuer-arbeislose","tag-beratung-weiterbildung","tag-beruf-weiterbildung","tag-berufe","tag-berufe-net-arbeitsagentur","tag-berufliche-aus-und-weiterbildung","tag-berufliche-bildung","tag-berufliche-bildung-deutschland","tag-berufliche-bildung-in-deutschland","tag-berufliche-bildung-praktisch-unschlagbar","tag-berufliche-fortbildung","tag-berufliche-orientierung","tag-berufliche-weiterbildung-definition","tag-berufliche-weiterbildung-saarland","tag-berufliche-weiterbildungen","tag-beruflichen-weiterbildung","tag-berufsbegleitend","tag-berufsbegleitende-ausbildung","tag-berufsbegleitende-ausbildung-saarland","tag-berufsbegleitende-ausbildungen","tag-berufsbegleitende-fortbildung","tag-berufsbegleitende-weiterbildung","tag-berufsrueckkehrer","tag-betriebliche-weiterbildung","tag-bewerbungsunterlgen","tag-coaching","tag-die-weiterbildung","tag-einzelhandelskaufmann","tag-erwachsenen-und-weiterbildung","tag-erwachsenen-weiterbildung","tag-externen-pruefung","tag-externenpruefung-ihk","tag-fachkraft-fuer-lagerlogistik-weiterbildung","tag-fachliche-weiterbildung","tag-foerderung-beruflicher-weiterbildung","tag-foerderung-der-beruflichen-weiterbildung","tag-fort-und-weiterbildung","tag-fort-und-weiterbildungen","tag-fortbildung-arbeitsagentur","tag-gastronomie","tag-gesundheitsmanagement","tag-hilfe-bei-jobcenter","tag-innerbetriebliche-weiterbildung","tag-institut-fuer-berufliche-weiterbildung","tag-ist-weiterbildung","tag-it-weiterbildung","tag-iterbildung-im-beruf","tag-kaufmaennische-berufe","tag-kaufmaennische-weiterbildung","tag-kommunikation-weiterbildung","tag-kommunikationsmittel","tag-konfliktloesung","tag-kurs-weiterbildung","tag-marketing-weiterbildung","tag-nebenberufliche-weiterbildung","tag-netzwerk-weiterbildung","tag-neuer-beruf","tag-online-weiterbildung","tag-personalberatung","tag-personalmanagement","tag-personalvermittlung","tag-perspektiven-im-beruf","tag-private-weiterbildung","tag-profilpass-profiling","tag-schulische-weiterbildung","tag-schwierigkeiten-mit-personal","tag-staatlich-anerkannte-weiterbildung","tag-stellenvermittlung","tag-teilzeit-weiterbildung","tag-training","tag-we","tag-weiterbilden","tag-weiterbildung","tag-weiterbildung-50","tag-weiterbildung-50plus","tag-weiterbildung-abendschule","tag-weiterbildung-am-wochenende","tag-weiterbildung-arbeitslos","tag-weiterbildung-beruf","tag-weiterbildung-berufsbegleitend","tag-weiterbildung-beschaffung","tag-weiterbildung-betriebswirtschaft","tag-weiterbildung-buchhaltung","tag-weiterbildung-buero","tag-weiterbildung-buerokauffrau-weiterbildung-buerokaufmann","tag-weiterbildung-bw","tag-weiterbildung-bwl","tag-weiterbildung-einkauf","tag-weiterbildung-erlangen","tag-weiterbildung-erwachsene","tag-weiterbildung-finden","tag-weiterbildung-foerdern","tag-weiterbildung-fuer-arbeitslose","tag-weiterbildung-fuer-berufstaetige","tag-weiterbildung-fuer-erwachsene","tag-weiterbildung-fuer-frauen","tag-weiterbildung-fuer-kaufleute","tag-weiterbildung-gesundheitswesen","tag-weiterbildung-im-alter","tag-weiterbildung-im-oeffentlichen-dienst","tag-weiterbildung-in","tag-weiterbildung-industriekauffrau","tag-weiterbildung-kauffrau-weiterbildung-kaufmann","tag-weiterbildung-kaufmaennischer-bereich","tag-weiterbildung-kommunikation","tag-weiterbildung-kosten","tag-weiterbildung-marketing","tag-weiterbildung-mit-40","tag-weiterbildung-mit-50","tag-weiterbildung-mit-hauptschulabschluss","tag-weiterbildung-mit-kind","tag-weiterbildung-mit-zukunft","tag-weiterbildung-mv","tag-weiterbildung-neben-beruf","tag-weiterbildung-neben-dem-beruf","tag-weiterbildung-organisationsmanagement","tag-weiterbildung-personal","tag-weiterbildung-personalwesen","tag-weiterbildung-sekretaerin","tag-weiterbildung-service","tag-weiterbildung-tourismus","tag-weiterbildung-von-zu-hause","tag-weiterbildung-von-zuhause","tag-weiterbildung-waehrend-elternzeit","tag-weiterbildung-wirtschaft","tag-weiterbildung-zertifikat","tag-weiterbildung-zum","tag-weiterbildungen","tag-welche-weiterbildung","tag-welche-weiterbildung-passt-zu-mir","tag-wiedereinstieg"],"yoast_head":"<!-- This site is optimized with the Yoast SEO plugin v23.1 - https:\/\/yoast.com\/wordpress\/plugins\/seo\/ -->\n<title>Bildungsgutschein - gaertner hkk<\/title>\n<meta name=\"robots\" content=\"index, follow, max-snippet:-1, max-image-preview:large, max-video-preview:-1\" \/>\n<link rel=\"canonical\" href=\"http:\/\/kommunikation.gaertnerhkk.de\/?p=325\" \/>\n<meta property=\"og:locale\" content=\"de_DE\" \/>\n<meta property=\"og:type\" content=\"article\" \/>\n<meta property=\"og:title\" content=\"Bildungsgutschein - gaertner hkk\" \/>\n<meta property=\"og:description\" content=\"Quelle: Agentur f\u00fcr Arbeit Bildungsgutschein Im Rahmen der F\u00f6rderung der beruflichen Weiterbildung k\u00f6nnen die Agenturen f\u00fcr Arbeit bei Vorliegen der F\u00f6rderungsvoraussetzungen Bildungsgutscheine f\u00fcr zuvor individuell festgestellte Bildungsbedarfe aush\u00e4ndigen. Grunds\u00e4tzliches Der Bildungsgutschein weist unter anderem das Bildungsziel, die zum Erreichen des Bildungsziels erforderliche Dauer, den regionalen Geltungsbereich und die G\u00fcltigkeitsdauer von l\u00e4ngstens drei Monaten, in der\" \/>\n<meta property=\"og:url\" content=\"http:\/\/kommunikation.gaertnerhkk.de\/?p=325\" \/>\n<meta property=\"og:site_name\" content=\"gaertner hkk\" \/>\n<meta property=\"article:publisher\" content=\"https:\/\/www.facebook.com\/gaertnerhkk.de\" \/>\n<meta property=\"article:published_time\" content=\"2015-06-26T12:48:45+00:00\" \/>\n<meta property=\"article:modified_time\" content=\"2015-07-03T10:33:27+00:00\" \/>\n<meta property=\"og:image\" content=\"http:\/\/kommunikation.gaertnerhkk.de\/wp-content\/uploads\/2015\/06\/Fotolia_63812899_XS.jpg\" \/>\n\t<meta property=\"og:image:width\" content=\"346\" \/>\n\t<meta property=\"og:image:height\" content=\"346\" \/>\n\t<meta property=\"og:image:type\" content=\"image\/jpeg\" \/>\n<meta name=\"author\" content=\"andrea\" \/>\n<meta name=\"twitter:card\" content=\"summary_large_image\" \/>\n<meta name=\"twitter:label1\" content=\"Verfasst von\" \/>\n\t<meta name=\"twitter:data1\" content=\"andrea\" \/>\n\t<meta name=\"twitter:label2\" content=\"Gesch\u00e4tzte Lesezeit\" \/>\n\t<meta name=\"twitter:data2\" content=\"3 Minuten\" \/>\n<script type=\"application\/ld+json\" class=\"yoast-schema-graph\">{\"@context\":\"https:\/\/schema.org\",\"@graph\":[{\"@type\":\"WebPage\",\"@id\":\"http:\/\/kommunikation.gaertnerhkk.de\/?p=325\",\"url\":\"http:\/\/kommunikation.gaertnerhkk.de\/?p=325\",\"name\":\"Bildungsgutschein - gaertner hkk\",\"isPartOf\":{\"@id\":\"http:\/\/kommunikation.gaertnerhkk.de\/#website\"},\"primaryImageOfPage\":{\"@id\":\"http:\/\/kommunikation.gaertnerhkk.de\/?p=325#primaryimage\"},\"image\":{\"@id\":\"http:\/\/kommunikation.gaertnerhkk.de\/?p=325#primaryimage\"},\"thumbnailUrl\":\"http:\/\/kommunikation.gaertnerhkk.de\/wp-content\/uploads\/2015\/06\/Fotolia_63812899_XS.jpg\",\"datePublished\":\"2015-06-26T12:48:45+00:00\",\"dateModified\":\"2015-07-03T10:33:27+00:00\",\"author\":{\"@id\":\"http:\/\/kommunikation.gaertnerhkk.de\/#\/schema\/person\/d05aaaadef4f18286349e0f161de1cdd\"},\"breadcrumb\":{\"@id\":\"http:\/\/kommunikation.gaertnerhkk.de\/?p=325#breadcrumb\"},\"inLanguage\":\"de-DE\",\"potentialAction\":[{\"@type\":\"ReadAction\",\"target\":[\"http:\/\/kommunikation.gaertnerhkk.de\/?p=325\"]}]},{\"@type\":\"ImageObject\",\"inLanguage\":\"de-DE\",\"@id\":\"http:\/\/kommunikation.gaertnerhkk.de\/?p=325#primaryimage\",\"url\":\"http:\/\/kommunikation.gaertnerhkk.de\/wp-content\/uploads\/2015\/06\/Fotolia_63812899_XS.jpg\",\"contentUrl\":\"http:\/\/kommunikation.gaertnerhkk.de\/wp-content\/uploads\/2015\/06\/Fotolia_63812899_XS.jpg\",\"width\":346,\"height\":346},{\"@type\":\"BreadcrumbList\",\"@id\":\"http:\/\/kommunikation.gaertnerhkk.de\/?p=325#breadcrumb\",\"itemListElement\":[{\"@type\":\"ListItem\",\"position\":1,\"name\":\"Home\",\"item\":\"http:\/\/kommunikation.gaertnerhkk.de\/\"},{\"@type\":\"ListItem\",\"position\":2,\"name\":\"Bildungsgutschein\"}]},{\"@type\":\"WebSite\",\"@id\":\"http:\/\/kommunikation.gaertnerhkk.de\/#website\",\"url\":\"http:\/\/kommunikation.gaertnerhkk.de\/\",\"name\":\"gaertner hkk\",\"description\":\"Bildungsmanufaktur\",\"potentialAction\":[{\"@type\":\"SearchAction\",\"target\":{\"@type\":\"EntryPoint\",\"urlTemplate\":\"http:\/\/kommunikation.gaertnerhkk.de\/?s={search_term_string}\"},\"query-input\":\"required name=search_term_string\"}],\"inLanguage\":\"de-DE\"},{\"@type\":\"Person\",\"@id\":\"http:\/\/kommunikation.gaertnerhkk.de\/#\/schema\/person\/d05aaaadef4f18286349e0f161de1cdd\",\"name\":\"andrea\",\"sameAs\":[\"http:\/\/gaertnerhkk.de\"]}]}<\/script>\n<!-- \/ Yoast SEO plugin. -->","yoast_head_json":{"title":"Bildungsgutschein - gaertner hkk","robots":{"index":"index","follow":"follow","max-snippet":"max-snippet:-1","max-image-preview":"max-image-preview:large","max-video-preview":"max-video-preview:-1"},"canonical":"http:\/\/kommunikation.gaertnerhkk.de\/?p=325","og_locale":"de_DE","og_type":"article","og_title":"Bildungsgutschein - gaertner hkk","og_description":"Quelle: Agentur f\u00fcr Arbeit Bildungsgutschein Im Rahmen der F\u00f6rderung der beruflichen Weiterbildung k\u00f6nnen die Agenturen f\u00fcr Arbeit bei Vorliegen der F\u00f6rderungsvoraussetzungen Bildungsgutscheine f\u00fcr zuvor individuell festgestellte Bildungsbedarfe aush\u00e4ndigen. Grunds\u00e4tzliches Der Bildungsgutschein weist unter anderem das Bildungsziel, die zum Erreichen des Bildungsziels erforderliche Dauer, den regionalen Geltungsbereich und die G\u00fcltigkeitsdauer von l\u00e4ngstens drei Monaten, in der","og_url":"http:\/\/kommunikation.gaertnerhkk.de\/?p=325","og_site_name":"gaertner hkk","article_publisher":"https:\/\/www.facebook.com\/gaertnerhkk.de","article_published_time":"2015-06-26T12:48:45+00:00","article_modified_time":"2015-07-03T10:33:27+00:00","og_image":[{"width":346,"height":346,"url":"http:\/\/kommunikation.gaertnerhkk.de\/wp-content\/uploads\/2015\/06\/Fotolia_63812899_XS.jpg","type":"image\/jpeg"}],"author":"andrea","twitter_card":"summary_large_image","twitter_misc":{"Verfasst von":"andrea","Gesch\u00e4tzte Lesezeit":"3 Minuten"},"schema":{"@context":"https:\/\/schema.org","@graph":[{"@type":"WebPage","@id":"http:\/\/kommunikation.gaertnerhkk.de\/?p=325","url":"http:\/\/kommunikation.gaertnerhkk.de\/?p=325","name":"Bildungsgutschein - gaertner hkk","isPartOf":{"@id":"http:\/\/kommunikation.gaertnerhkk.de\/#website"},"primaryImageOfPage":{"@id":"http:\/\/kommunikation.gaertnerhkk.de\/?p=325#primaryimage"},"image":{"@id":"http:\/\/kommunikation.gaertnerhkk.de\/?p=325#primaryimage"},"thumbnailUrl":"http:\/\/kommunikation.gaertnerhkk.de\/wp-content\/uploads\/2015\/06\/Fotolia_63812899_XS.jpg","datePublished":"2015-06-26T12:48:45+00:00","dateModified":"2015-07-03T10:33:27+00:00","author":{"@id":"http:\/\/kommunikation.gaertnerhkk.de\/#\/schema\/person\/d05aaaadef4f18286349e0f161de1cdd"},"breadcrumb":{"@id":"http:\/\/kommunikation.gaertnerhkk.de\/?p=325#breadcrumb"},"inLanguage":"de-DE","potentialAction":[{"@type":"ReadAction","target":["http:\/\/kommunikation.gaertnerhkk.de\/?p=325"]}]},{"@type":"ImageObject","inLanguage":"de-DE","@id":"http:\/\/kommunikation.gaertnerhkk.de\/?p=325#primaryimage","url":"http:\/\/kommunikation.gaertnerhkk.de\/wp-content\/uploads\/2015\/06\/Fotolia_63812899_XS.jpg","contentUrl":"http:\/\/kommunikation.gaertnerhkk.de\/wp-content\/uploads\/2015\/06\/Fotolia_63812899_XS.jpg","width":346,"height":346},{"@type":"BreadcrumbList","@id":"http:\/\/kommunikation.gaertnerhkk.de\/?p=325#breadcrumb","itemListElement":[{"@type":"ListItem","position":1,"name":"Home","item":"http:\/\/kommunikation.gaertnerhkk.de\/"},{"@type":"ListItem","position":2,"name":"Bildungsgutschein"}]},{"@type":"WebSite","@id":"http:\/\/kommunikation.gaertnerhkk.de\/#website","url":"http:\/\/kommunikation.gaertnerhkk.de\/","name":"gaertner hkk","description":"Bildungsmanufaktur","potentialAction":[{"@type":"SearchAction","target":{"@type":"EntryPoint","urlTemplate":"http:\/\/kommunikation.gaertnerhkk.de\/?s={search_term_string}"},"query-input":"required name=search_term_string"}],"inLanguage":"de-DE"},{"@type":"Person","@id":"http:\/\/kommunikation.gaertnerhkk.de\/#\/schema\/person\/d05aaaadef4f18286349e0f161de1cdd","name":"andrea","sameAs":["http:\/\/gaertnerhkk.de"]}]}},"_links":{"self":[{"href":"http:\/\/kommunikation.gaertnerhkk.de\/index.php?rest_route=\/wp\/v2\/posts\/325"}],"collection":[{"href":"http:\/\/kommunikation.gaertnerhkk.de\/index.php?rest_route=\/wp\/v2\/posts"}],"about":[{"href":"http:\/\/kommunikation.gaertnerhkk.de\/index.php?rest_route=\/wp\/v2\/types\/post"}],"author":[{"embeddable":true,"href":"http:\/\/kommunikation.gaertnerhkk.de\/index.php?rest_route=\/wp\/v2\/users\/1"}],"replies":[{"embeddable":true,"href":"http:\/\/kommunikation.gaertnerhkk.de\/index.php?rest_route=%2Fwp%2Fv2%2Fcomments&post=325"}],"version-history":[{"count":1,"href":"http:\/\/kommunikation.gaertnerhkk.de\/index.php?rest_route=\/wp\/v2\/posts\/325\/revisions"}],"predecessor-version":[{"id":326,"href":"http:\/\/kommunikation.gaertnerhkk.de\/index.php?rest_route=\/wp\/v2\/posts\/325\/revisions\/326"}],"wp:featuredmedia":[{"embeddable":true,"href":"http:\/\/kommunikation.gaertnerhkk.de\/index.php?rest_route=\/wp\/v2\/media\/300"}],"wp:attachment":[{"href":"http:\/\/kommunikation.gaertnerhkk.de\/index.php?rest_route=%2Fwp%2Fv2%2Fmedia&parent=325"}],"wp:term":[{"taxonomy":"category","embeddable":true,"href":"http:\/\/kommunikation.gaertnerhkk.de\/index.php?rest_route=%2Fwp%2Fv2%2Fcategories&post=325"},{"taxonomy":"post_tag","embeddable":true,"href":"http:\/\/kommunikation.gaertnerhkk.de\/index.php?rest_route=%2Fwp%2Fv2%2Ftags&post=325"}],"curies":[{"name":"wp","href":"https:\/\/api.w.org\/{rel}","templated":true}]}}