{"id":425,"date":"2015-06-29T14:01:44","date_gmt":"2015-06-29T14:01:44","guid":{"rendered":"http:\/\/kommunikation.gaertnerhkk.de\/?p=425"},"modified":"2015-07-03T10:29:27","modified_gmt":"2015-07-03T10:29:27","slug":"koerpersprache-signale-im-vorstellungsgespraech-richtig-deuten","status":"publish","type":"post","link":"http:\/\/kommunikation.gaertnerhkk.de\/?p=425","title":{"rendered":"K\u00f6rpersprache: Signale im Vorstellungsgespr\u00e4ch richtig deuten"},"content":{"rendered":"<p><strong>Das wichtigste im \u00dcberblick:<\/strong><\/p>\n<p>Es gen\u00fcgt nicht, sich auf die Aussagen des potentiellen Arbeitgebers zu konzentrieren. Entscheidend sind auch seine Gesten. Erst hieraus entsteht ein Gesamtbild der Aussage. Aber auch Ihre Gestik wird von dem Gespr\u00e4chspartner verarbeitet.<\/p>\n<p>K\u00f6rpersprache ist etwas nat\u00fcrliches. Positive Gesten kann man trainieren. Ihre Innere Eintellung f\u00fchrt zum Ausdruck Ihres K\u00f6rpers &#8211; ganz automatisch.<\/p>\n<p><strong>Negativ erscheinen folgende Gesten:<\/strong><\/p>\n<ul>\n<li>Fehlender Blickkontakt &#8211; Schauen Sie Ihrem Gesp\u00e4chspartner in die Augen<\/li>\n<li>Kein L\u00e4cheln &#8211; L\u00e4cheln ist der beste Sympathiebringer<\/li>\n<li>Zappeln, fummeln, nesteln<\/li>\n<li>Schlaffe K\u00f6rperhaltung<\/li>\n<li>Schlaffer H\u00e4ndedruck<\/li>\n<li>Mit den Haaren spielen<\/li>\n<\/ul>\n<p>H\u00e4nde sind der wichtigste Ausdrucksteil des K\u00f6rpers. \u00dcber 50 % unserer Gesten sind Hand- und Fingerbewegungen.<\/p>\n<p><strong>Typische Handgesten:<\/strong><\/p>\n<ul>\n<li>Trommeln mit den Fingern: Ungeduld &#8222;das dauert aber lange&#8220;.<\/li>\n<li>Finger mahnend erheben: Achtung, Warnung<\/li>\n<li>Offen Handfl\u00e4che: Legen eine Meinung offen, zeigen Offenheit dem Gegen\u00fcber<\/li>\n<li>H\u00e4nde reiben: ds klappt, l\u00e4uft gut f\u00fcr mich<\/li>\n<li>Spielen mit dem Kugelschreiber bedeutet innere Spannung<\/li>\n<\/ul>\n<p>&nbsp;<\/p>\n<p>&nbsp;<\/p>\n","protected":false},"excerpt":{"rendered":"Das wichtigste im \u00dcberblick: Es gen\u00fcgt nicht, sich auf die Aussagen des potentiellen Arbeitgebers zu konzentrieren. Entscheidend sind auch seine Gesten. Erst hieraus entsteht ein Gesamtbild der Aussage. Aber auch Ihre Gestik wird von dem Gespr\u00e4chspartner verarbeitet. K\u00f6rpersprache ist etwas nat\u00fcrliches. Positive Gesten kann man trainieren. Ihre Innere Eintellung f\u00fchrt zum Ausdruck Ihres K\u00f6rpers &#8211; ","protected":false},"author":1,"featured_media":341,"comment_status":"open","ping_status":"open","sticky":false,"template":"","format":"standard","meta":{"footnotes":""},"categories":[5],"tags":[23,24,25,26,27,28,152,31,32,33,34,35,144,36,37,38,39,40,41,42,43,44,45,46,47,48,49,50,51,52,53,54,55,56,153,145,57,149,58,59,29,143,60,61,65,66,62,63,64,107,150,67,68,69,111,70,71,72,147,148,73,74,75,76,77,155,78,151,79,80,154,81,146,110,82,30,83,84,85,86,87,88,89,90,91,92,95,96,93,94,97,98,99,100,101,102,103,104,105,106,108,109,112,113,114,115,116,117,118,119,120,121,122,123,124,125,126,127,128,129,130,131,132,133,134,135,137,136,138,139,140,141,142],"class_list":["post-425","post","type-post","status-publish","format-standard","has-post-thumbnail","hentry","category-bewerbungsstrategien","tag-abendschule-weiterbildung","tag-allgemeine-weiterbildung","tag-arbeitsagentur-arbeit","tag-arbeitsagentur-fortbildung-arbeitsagentur","tag-arbeitslos-und-weiterbildung","tag-arbeitslos-weiterbildung","tag-arbeitsmarkttraining","tag-aus-und-weiterbildung","tag-aus-weiterbildung","tag-ausbildung-beruf","tag-ausbildung-berufsbegleitend","tag-ausbildung-fuer-erwachsene","tag-bearung","tag-beratung-weiterbildung","tag-beruf-weiterbildung","tag-berufe","tag-berufe-net-arbeitsagentur","tag-berufliche-aus-und-weiterbildung","tag-berufliche-bildung","tag-berufliche-bildung-deutschland","tag-berufliche-bildung-in-deutschland","tag-berufliche-bildung-praktisch-unschlagbar","tag-berufliche-fortbildung","tag-berufliche-weiterbildung-definition","tag-berufliche-weiterbildung-saarland","tag-berufliche-weiterbildungen","tag-beruflichen-weiterbildung","tag-berufsbegleitend","tag-berufsbegleitende-ausbildung","tag-berufsbegleitende-ausbildung-saarland","tag-berufsbegleitende-ausbildungen","tag-berufsbegleitende-fortbildung","tag-berufsbegleitende-weiterbildung","tag-betriebliche-weiterbildung","tag-bewerbungsunterlgen","tag-coaching","tag-die-weiterbildung","tag-einzelhandelskaufmann","tag-erwachsenen-und-weiterbildung","tag-erwachsenen-weiterbildung","tag-externen-pruefung","tag-externenpruefung-ihk","tag-fachkraft-fuer-lagerlogistik-weiterbildung","tag-fachliche-weiterbildung","tag-foerderung-beruflicher-weiterbildung","tag-foerderung-der-beruflichen-weiterbildung","tag-fort-und-weiterbildung","tag-fort-und-weiterbildungen","tag-fortbildung-arbeitsagentur","tag-gastronomie","tag-innerbetriebliche-weiterbildung","tag-institut-fuer-berufliche-weiterbildung","tag-ist-weiterbildung","tag-it-weiterbildung","tag-iterbildung-im-beruf","tag-kaufmaennische-berufe","tag-kaufmaennische-weiterbildung","tag-kommunikation-weiterbildung","tag-kommunikationsmittel","tag-konfliktloesung","tag-kurs-weiterbildung","tag-marketing-weiterbildung","tag-nebenberufliche-weiterbildung","tag-netzwerk-weiterbildung","tag-online-weiterbildung","tag-personalvermittlung","tag-private-weiterbildung","tag-profilpass-profiling","tag-schulische-weiterbildung","tag-staatlich-anerkannte-weiterbildung","tag-stellenvermittlung","tag-teilzeit-weiterbildung","tag-training","tag-we","tag-weiterbilden","tag-weiterbildung","tag-weiterbildung-50","tag-weiterbildung-50plus","tag-weiterbildung-abendschule","tag-weiterbildung-am-wochenende","tag-weiterbildung-arbeitslos","tag-weiterbildung-beruf","tag-weiterbildung-berufsbegleitend","tag-weiterbildung-beschaffung","tag-weiterbildung-betriebswirtschaft","tag-weiterbildung-buchhaltung","tag-weiterbildung-buero","tag-weiterbildung-buerokauffrau-weiterbildung-buerokaufmann","tag-weiterbildung-bw","tag-weiterbildung-bwl","tag-weiterbildung-einkauf","tag-weiterbildung-erlangen","tag-weiterbildung-erwachsene","tag-weiterbildung-finden","tag-weiterbildung-foerdern","tag-weiterbildung-fuer-arbeitslose","tag-weiterbildung-fuer-berufstaetige","tag-weiterbildung-fuer-erwachsene","tag-weiterbildung-fuer-frauen","tag-weiterbildung-fuer-kaufleute","tag-weiterbildung-gesundheitswesen","tag-weiterbildung-im-alter","tag-weiterbildung-im-oeffentlichen-dienst","tag-weiterbildung-in","tag-weiterbildung-industriekauffrau","tag-weiterbildung-kauffrau-weiterbildung-kaufmann","tag-weiterbildung-kaufmaennischer-bereich","tag-weiterbildung-kommunikation","tag-weiterbildung-kosten","tag-weiterbildung-marketing","tag-weiterbildung-mit-40","tag-weiterbildung-mit-50","tag-weiterbildung-mit-hauptschulabschluss","tag-weiterbildung-mit-kind","tag-weiterbildung-mit-zukunft","tag-weiterbildung-mv","tag-weiterbildung-neben-beruf","tag-weiterbildung-neben-dem-beruf","tag-weiterbildung-organisationsmanagement","tag-weiterbildung-personal","tag-weiterbildung-personalwesen","tag-weiterbildung-sekretaerin","tag-weiterbildung-service","tag-weiterbildung-tourismus","tag-weiterbildung-von-zu-hause","tag-weiterbildung-von-zuhause","tag-weiterbildung-waehrend-elternzeit","tag-weiterbildung-wirtschaft","tag-weiterbildung-zertifikat","tag-weiterbildung-zum","tag-weiterbildungen","tag-welche-weiterbildung","tag-welche-weiterbildung-passt-zu-mir"],"yoast_head":"<!-- This site is optimized with the Yoast SEO plugin v23.1 - https:\/\/yoast.com\/wordpress\/plugins\/seo\/ -->\n<title>K\u00f6rpersprache: Signale im Vorstellungsgespr\u00e4ch richtig deuten - gaertner hkk<\/title>\n<meta name=\"robots\" content=\"index, follow, max-snippet:-1, max-image-preview:large, max-video-preview:-1\" \/>\n<link rel=\"canonical\" href=\"http:\/\/kommunikation.gaertnerhkk.de\/?p=425\" \/>\n<meta property=\"og:locale\" content=\"de_DE\" \/>\n<meta property=\"og:type\" content=\"article\" \/>\n<meta property=\"og:title\" content=\"K\u00f6rpersprache: Signale im Vorstellungsgespr\u00e4ch richtig deuten - gaertner hkk\" \/>\n<meta property=\"og:description\" content=\"Das wichtigste im \u00dcberblick: Es gen\u00fcgt nicht, sich auf die Aussagen des potentiellen Arbeitgebers zu konzentrieren. Entscheidend sind auch seine Gesten. Erst hieraus entsteht ein Gesamtbild der Aussage. Aber auch Ihre Gestik wird von dem Gespr\u00e4chspartner verarbeitet. K\u00f6rpersprache ist etwas nat\u00fcrliches. Positive Gesten kann man trainieren. Ihre Innere Eintellung f\u00fchrt zum Ausdruck Ihres K\u00f6rpers &#8211;\" \/>\n<meta property=\"og:url\" content=\"http:\/\/kommunikation.gaertnerhkk.de\/?p=425\" \/>\n<meta property=\"og:site_name\" content=\"gaertner hkk\" \/>\n<meta property=\"article:publisher\" content=\"https:\/\/www.facebook.com\/gaertnerhkk.de\" \/>\n<meta property=\"article:published_time\" content=\"2015-06-29T14:01:44+00:00\" \/>\n<meta property=\"article:modified_time\" content=\"2015-07-03T10:29:27+00:00\" \/>\n<meta property=\"og:image\" content=\"http:\/\/kommunikation.gaertnerhkk.de\/wp-content\/uploads\/2015\/06\/Fotolia_79509409_XS.jpg\" \/>\n\t<meta property=\"og:image:width\" content=\"349\" \/>\n\t<meta property=\"og:image:height\" content=\"344\" \/>\n\t<meta property=\"og:image:type\" content=\"image\/jpeg\" \/>\n<meta name=\"author\" content=\"andrea\" \/>\n<meta name=\"twitter:card\" content=\"summary_large_image\" \/>\n<meta name=\"twitter:label1\" content=\"Verfasst von\" \/>\n\t<meta name=\"twitter:data1\" content=\"andrea\" \/>\n\t<meta name=\"twitter:label2\" content=\"Gesch\u00e4tzte Lesezeit\" \/>\n\t<meta name=\"twitter:data2\" content=\"1 Minute\" \/>\n<script type=\"application\/ld+json\" class=\"yoast-schema-graph\">{\"@context\":\"https:\/\/schema.org\",\"@graph\":[{\"@type\":\"WebPage\",\"@id\":\"http:\/\/kommunikation.gaertnerhkk.de\/?p=425\",\"url\":\"http:\/\/kommunikation.gaertnerhkk.de\/?p=425\",\"name\":\"K\u00f6rpersprache: Signale im Vorstellungsgespr\u00e4ch richtig deuten - gaertner hkk\",\"isPartOf\":{\"@id\":\"http:\/\/kommunikation.gaertnerhkk.de\/#website\"},\"primaryImageOfPage\":{\"@id\":\"http:\/\/kommunikation.gaertnerhkk.de\/?p=425#primaryimage\"},\"image\":{\"@id\":\"http:\/\/kommunikation.gaertnerhkk.de\/?p=425#primaryimage\"},\"thumbnailUrl\":\"http:\/\/kommunikation.gaertnerhkk.de\/wp-content\/uploads\/2015\/06\/Fotolia_79509409_XS.jpg\",\"datePublished\":\"2015-06-29T14:01:44+00:00\",\"dateModified\":\"2015-07-03T10:29:27+00:00\",\"author\":{\"@id\":\"http:\/\/kommunikation.gaertnerhkk.de\/#\/schema\/person\/d05aaaadef4f18286349e0f161de1cdd\"},\"breadcrumb\":{\"@id\":\"http:\/\/kommunikation.gaertnerhkk.de\/?p=425#breadcrumb\"},\"inLanguage\":\"de-DE\",\"potentialAction\":[{\"@type\":\"ReadAction\",\"target\":[\"http:\/\/kommunikation.gaertnerhkk.de\/?p=425\"]}]},{\"@type\":\"ImageObject\",\"inLanguage\":\"de-DE\",\"@id\":\"http:\/\/kommunikation.gaertnerhkk.de\/?p=425#primaryimage\",\"url\":\"http:\/\/kommunikation.gaertnerhkk.de\/wp-content\/uploads\/2015\/06\/Fotolia_79509409_XS.jpg\",\"contentUrl\":\"http:\/\/kommunikation.gaertnerhkk.de\/wp-content\/uploads\/2015\/06\/Fotolia_79509409_XS.jpg\",\"width\":349,\"height\":344},{\"@type\":\"BreadcrumbList\",\"@id\":\"http:\/\/kommunikation.gaertnerhkk.de\/?p=425#breadcrumb\",\"itemListElement\":[{\"@type\":\"ListItem\",\"position\":1,\"name\":\"Home\",\"item\":\"http:\/\/kommunikation.gaertnerhkk.de\/\"},{\"@type\":\"ListItem\",\"position\":2,\"name\":\"K\u00f6rpersprache: Signale im Vorstellungsgespr\u00e4ch richtig deuten\"}]},{\"@type\":\"WebSite\",\"@id\":\"http:\/\/kommunikation.gaertnerhkk.de\/#website\",\"url\":\"http:\/\/kommunikation.gaertnerhkk.de\/\",\"name\":\"gaertner hkk\",\"description\":\"Bildungsmanufaktur\",\"potentialAction\":[{\"@type\":\"SearchAction\",\"target\":{\"@type\":\"EntryPoint\",\"urlTemplate\":\"http:\/\/kommunikation.gaertnerhkk.de\/?s={search_term_string}\"},\"query-input\":\"required name=search_term_string\"}],\"inLanguage\":\"de-DE\"},{\"@type\":\"Person\",\"@id\":\"http:\/\/kommunikation.gaertnerhkk.de\/#\/schema\/person\/d05aaaadef4f18286349e0f161de1cdd\",\"name\":\"andrea\",\"sameAs\":[\"http:\/\/gaertnerhkk.de\"]}]}<\/script>\n<!-- \/ Yoast SEO plugin. -->","yoast_head_json":{"title":"K\u00f6rpersprache: Signale im Vorstellungsgespr\u00e4ch richtig deuten - gaertner hkk","robots":{"index":"index","follow":"follow","max-snippet":"max-snippet:-1","max-image-preview":"max-image-preview:large","max-video-preview":"max-video-preview:-1"},"canonical":"http:\/\/kommunikation.gaertnerhkk.de\/?p=425","og_locale":"de_DE","og_type":"article","og_title":"K\u00f6rpersprache: Signale im Vorstellungsgespr\u00e4ch richtig deuten - gaertner hkk","og_description":"Das wichtigste im \u00dcberblick: Es gen\u00fcgt nicht, sich auf die Aussagen des potentiellen Arbeitgebers zu konzentrieren. Entscheidend sind auch seine Gesten. Erst hieraus entsteht ein Gesamtbild der Aussage. Aber auch Ihre Gestik wird von dem Gespr\u00e4chspartner verarbeitet. K\u00f6rpersprache ist etwas nat\u00fcrliches. Positive Gesten kann man trainieren. Ihre Innere Eintellung f\u00fchrt zum Ausdruck Ihres K\u00f6rpers &#8211;","og_url":"http:\/\/kommunikation.gaertnerhkk.de\/?p=425","og_site_name":"gaertner hkk","article_publisher":"https:\/\/www.facebook.com\/gaertnerhkk.de","article_published_time":"2015-06-29T14:01:44+00:00","article_modified_time":"2015-07-03T10:29:27+00:00","og_image":[{"width":349,"height":344,"url":"http:\/\/kommunikation.gaertnerhkk.de\/wp-content\/uploads\/2015\/06\/Fotolia_79509409_XS.jpg","type":"image\/jpeg"}],"author":"andrea","twitter_card":"summary_large_image","twitter_misc":{"Verfasst von":"andrea","Gesch\u00e4tzte Lesezeit":"1 Minute"},"schema":{"@context":"https:\/\/schema.org","@graph":[{"@type":"WebPage","@id":"http:\/\/kommunikation.gaertnerhkk.de\/?p=425","url":"http:\/\/kommunikation.gaertnerhkk.de\/?p=425","name":"K\u00f6rpersprache: Signale im Vorstellungsgespr\u00e4ch richtig deuten - gaertner hkk","isPartOf":{"@id":"http:\/\/kommunikation.gaertnerhkk.de\/#website"},"primaryImageOfPage":{"@id":"http:\/\/kommunikation.gaertnerhkk.de\/?p=425#primaryimage"},"image":{"@id":"http:\/\/kommunikation.gaertnerhkk.de\/?p=425#primaryimage"},"thumbnailUrl":"http:\/\/kommunikation.gaertnerhkk.de\/wp-content\/uploads\/2015\/06\/Fotolia_79509409_XS.jpg","datePublished":"2015-06-29T14:01:44+00:00","dateModified":"2015-07-03T10:29:27+00:00","author":{"@id":"http:\/\/kommunikation.gaertnerhkk.de\/#\/schema\/person\/d05aaaadef4f18286349e0f161de1cdd"},"breadcrumb":{"@id":"http:\/\/kommunikation.gaertnerhkk.de\/?p=425#breadcrumb"},"inLanguage":"de-DE","potentialAction":[{"@type":"ReadAction","target":["http:\/\/kommunikation.gaertnerhkk.de\/?p=425"]}]},{"@type":"ImageObject","inLanguage":"de-DE","@id":"http:\/\/kommunikation.gaertnerhkk.de\/?p=425#primaryimage","url":"http:\/\/kommunikation.gaertnerhkk.de\/wp-content\/uploads\/2015\/06\/Fotolia_79509409_XS.jpg","contentUrl":"http:\/\/kommunikation.gaertnerhkk.de\/wp-content\/uploads\/2015\/06\/Fotolia_79509409_XS.jpg","width":349,"height":344},{"@type":"BreadcrumbList","@id":"http:\/\/kommunikation.gaertnerhkk.de\/?p=425#breadcrumb","itemListElement":[{"@type":"ListItem","position":1,"name":"Home","item":"http:\/\/kommunikation.gaertnerhkk.de\/"},{"@type":"ListItem","position":2,"name":"K\u00f6rpersprache: Signale im Vorstellungsgespr\u00e4ch richtig deuten"}]},{"@type":"WebSite","@id":"http:\/\/kommunikation.gaertnerhkk.de\/#website","url":"http:\/\/kommunikation.gaertnerhkk.de\/","name":"gaertner hkk","description":"Bildungsmanufaktur","potentialAction":[{"@type":"SearchAction","target":{"@type":"EntryPoint","urlTemplate":"http:\/\/kommunikation.gaertnerhkk.de\/?s={search_term_string}"},"query-input":"required name=search_term_string"}],"inLanguage":"de-DE"},{"@type":"Person","@id":"http:\/\/kommunikation.gaertnerhkk.de\/#\/schema\/person\/d05aaaadef4f18286349e0f161de1cdd","name":"andrea","sameAs":["http:\/\/gaertnerhkk.de"]}]}},"_links":{"self":[{"href":"http:\/\/kommunikation.gaertnerhkk.de\/index.php?rest_route=\/wp\/v2\/posts\/425"}],"collection":[{"href":"http:\/\/kommunikation.gaertnerhkk.de\/index.php?rest_route=\/wp\/v2\/posts"}],"about":[{"href":"http:\/\/kommunikation.gaertnerhkk.de\/index.php?rest_route=\/wp\/v2\/types\/post"}],"author":[{"embeddable":true,"href":"http:\/\/kommunikation.gaertnerhkk.de\/index.php?rest_route=\/wp\/v2\/users\/1"}],"replies":[{"embeddable":true,"href":"http:\/\/kommunikation.gaertnerhkk.de\/index.php?rest_route=%2Fwp%2Fv2%2Fcomments&post=425"}],"version-history":[{"count":4,"href":"http:\/\/kommunikation.gaertnerhkk.de\/index.php?rest_route=\/wp\/v2\/posts\/425\/revisions"}],"predecessor-version":[{"id":434,"href":"http:\/\/kommunikation.gaertnerhkk.de\/index.php?rest_route=\/wp\/v2\/posts\/425\/revisions\/434"}],"wp:featuredmedia":[{"embeddable":true,"href":"http:\/\/kommunikation.gaertnerhkk.de\/index.php?rest_route=\/wp\/v2\/media\/341"}],"wp:attachment":[{"href":"http:\/\/kommunikation.gaertnerhkk.de\/index.php?rest_route=%2Fwp%2Fv2%2Fmedia&parent=425"}],"wp:term":[{"taxonomy":"category","embeddable":true,"href":"http:\/\/kommunikation.gaertnerhkk.de\/index.php?rest_route=%2Fwp%2Fv2%2Fcategories&post=425"},{"taxonomy":"post_tag","embeddable":true,"href":"http:\/\/kommunikation.gaertnerhkk.de\/index.php?rest_route=%2Fwp%2Fv2%2Ftags&post=425"}],"curies":[{"name":"wp","href":"https:\/\/api.w.org\/{rel}","templated":true}]}}