{"id":435,"date":"2015-06-30T12:57:58","date_gmt":"2015-06-30T12:57:58","guid":{"rendered":"http:\/\/kommunikation.gaertnerhkk.de\/?p=435"},"modified":"2016-08-02T13:22:25","modified_gmt":"2016-08-02T13:22:25","slug":"berufsorientierung-auch-ueber-40-noch-ein-thema","status":"publish","type":"post","link":"http:\/\/kommunikation.gaertnerhkk.de\/?p=435","title":{"rendered":"Berufsorientierung &#8211; auch \u00fcber 40 noch ein Thema"},"content":{"rendered":"<p>Oft stellt sich die Frage, kann ich mich in meinem Alter noch NEU orientieren. Mit Sicherheit:<strong> ja!<\/strong> Denn ber\u00fccksichtigen wir Arbeitsmarktsituation und Demografie, ge\u00e4nderte Arbeitsbedingungen oder den <img loading=\"lazy\" decoding=\"async\" class=\"attachment-266x266 size-266x266 alignright\" src=\"http:\/\/kommunikation.gaertnerhkk.de\/wp-content\/uploads\/2015\/05\/Fotolia_73648052_XS.jpg\" sizes=\"(max-width: 266px) 100vw, 266px\" srcset=\"http:\/\/kommunikation.gaertnerhkk.de\/wp-content\/uploads\/2015\/05\/Fotolia_73648052_XS.jpg 412w, http:\/\/kommunikation.gaertnerhkk.de\/wp-content\/uploads\/2015\/05\/Fotolia_73648052_XS-300x212.jpg 300w\" alt=\"aktiv; aktivit\u00e4t; arbeit; arbeitslos; arbeitslosigkeit; bewerben; bewerbung; alter trott, existenzgr\u00fcndug; entscheidung; fortschritt; m\u00f6glichkeiten; selbstst\u00e4ndigkeit; handeln; gr\u00fcndung; l\u00f6sung; machen; job; vors\u00e4tze; motivation; karriere; politik; option; Hamsterrad; selbstst\u00e4ndigkeit; selbst\u00e4ndig; motivation; start; starten; symbol; start-up; tat; taten; tun; m\u00e4nnchen; ver\u00e4nderung; vision; vors\u00e4tze; warten; neustart; ziel; zukunft, neuer weg, Zeit f\u00fcr neues, lebenswandel, abnehmen\" width=\"266\" height=\"188\" \/>technologischen Fortschritt, dann macht Berufsorientierung in jedem Alter nicht nur Sinn, sondern f\u00f6rdert auch die nachhaltige Integration und den Verbleib auf dem Arbeitsmarkt.<\/p>\n<p>Ob berufliche Anpassungsqualifizierung, ein Neustart in ein anderes Berufsfeld, vielleicht sogar aus gesundheitlich verursachten \u00dcberlegungen, eine gr\u00fcndliche Planung der beruflichen Laufbahn bringt mehr Aktivit\u00e4t und Chancen, stellt dies doch einen aktiven Beweis Ihrer Arbeitsmotivation dar. Und diese h\u00e4ngt auch von Ihrem k\u00f6rperlichen und seelischen Gem\u00fctszustand ab. Arbeiten Sie in einem nicht konformen Umfeld, entsprechen Ihre Arbeitsbedingungen nicht Ihrer Erwartungen, zeigt sich der Bedarf einmal \u00fcber die berufliche Situation nachzudenken.<\/p>\n<p><a href=\"http:\/\/kommunikation.gaertnerhkk.de\/?p=225\" target=\"_blank\">Berufsorientierung <\/a><\/p>\n","protected":false},"excerpt":{"rendered":"Oft stellt sich die Frage, kann ich mich in meinem Alter noch NEU orientieren. Mit Sicherheit: ja! Denn ber\u00fccksichtigen wir Arbeitsmarktsituation und Demografie, ge\u00e4nderte Arbeitsbedingungen oder den technologischen Fortschritt, dann macht Berufsorientierung in jedem Alter nicht nur Sinn, sondern f\u00f6rdert auch die nachhaltige Integration und den Verbleib auf dem Arbeitsmarkt. Ob berufliche Anpassungsqualifizierung, ein Neustart ","protected":false},"author":1,"featured_media":130,"comment_status":"open","ping_status":"open","sticky":false,"template":"","format":"standard","meta":{"footnotes":""},"categories":[168,1,18],"tags":[25,26,27,28,152,31,32,33,34,35,51,52],"class_list":["post-435","post","type-post","status-publish","format-standard","has-post-thumbnail","hentry","category-coaching","category-infos-zu-bildung","category-personalentwicklung","tag-arbeitsagentur-arbeit","tag-arbeitsagentur-fortbildung-arbeitsagentur","tag-arbeitslos-und-weiterbildung","tag-arbeitslos-weiterbildung","tag-arbeitsmarkttraining","tag-aus-und-weiterbildung","tag-aus-weiterbildung","tag-ausbildung-beruf","tag-ausbildung-berufsbegleitend","tag-ausbildung-fuer-erwachsene","tag-berufsbegleitende-ausbildung","tag-berufsbegleitende-ausbildung-saarland"],"yoast_head":"<!-- This site is optimized with the Yoast SEO plugin v23.1 - https:\/\/yoast.com\/wordpress\/plugins\/seo\/ -->\n<title>Berufsorientierung - auch \u00fcber 40 noch ein Thema - gaertner hkk<\/title>\n<meta name=\"robots\" content=\"index, follow, max-snippet:-1, max-image-preview:large, max-video-preview:-1\" \/>\n<link rel=\"canonical\" href=\"http:\/\/kommunikation.gaertnerhkk.de\/?p=435\" \/>\n<meta property=\"og:locale\" content=\"de_DE\" \/>\n<meta property=\"og:type\" content=\"article\" \/>\n<meta property=\"og:title\" content=\"Berufsorientierung - auch \u00fcber 40 noch ein Thema - gaertner hkk\" \/>\n<meta property=\"og:description\" content=\"Oft stellt sich die Frage, kann ich mich in meinem Alter noch NEU orientieren. Mit Sicherheit: ja! Denn ber\u00fccksichtigen wir Arbeitsmarktsituation und Demografie, ge\u00e4nderte Arbeitsbedingungen oder den technologischen Fortschritt, dann macht Berufsorientierung in jedem Alter nicht nur Sinn, sondern f\u00f6rdert auch die nachhaltige Integration und den Verbleib auf dem Arbeitsmarkt. Ob berufliche Anpassungsqualifizierung, ein Neustart\" \/>\n<meta property=\"og:url\" content=\"http:\/\/kommunikation.gaertnerhkk.de\/?p=435\" \/>\n<meta property=\"og:site_name\" content=\"gaertner hkk\" \/>\n<meta property=\"article:publisher\" content=\"https:\/\/www.facebook.com\/gaertnerhkk.de\" \/>\n<meta property=\"article:published_time\" content=\"2015-06-30T12:57:58+00:00\" \/>\n<meta property=\"article:modified_time\" content=\"2016-08-02T13:22:25+00:00\" \/>\n<meta property=\"og:image\" content=\"http:\/\/kommunikation.gaertnerhkk.de\/wp-content\/uploads\/2015\/05\/Fotolia_73648052_XS.jpg\" \/>\n\t<meta property=\"og:image:width\" content=\"412\" \/>\n\t<meta property=\"og:image:height\" content=\"291\" \/>\n\t<meta property=\"og:image:type\" content=\"image\/jpeg\" \/>\n<meta name=\"author\" content=\"andrea\" \/>\n<meta name=\"twitter:card\" content=\"summary_large_image\" \/>\n<meta name=\"twitter:label1\" content=\"Verfasst von\" \/>\n\t<meta name=\"twitter:data1\" content=\"andrea\" \/>\n\t<meta name=\"twitter:label2\" content=\"Gesch\u00e4tzte Lesezeit\" \/>\n\t<meta name=\"twitter:data2\" content=\"1 Minute\" \/>\n<script type=\"application\/ld+json\" class=\"yoast-schema-graph\">{\"@context\":\"https:\/\/schema.org\",\"@graph\":[{\"@type\":\"WebPage\",\"@id\":\"http:\/\/kommunikation.gaertnerhkk.de\/?p=435\",\"url\":\"http:\/\/kommunikation.gaertnerhkk.de\/?p=435\",\"name\":\"Berufsorientierung - auch \u00fcber 40 noch ein Thema - gaertner hkk\",\"isPartOf\":{\"@id\":\"http:\/\/kommunikation.gaertnerhkk.de\/#website\"},\"primaryImageOfPage\":{\"@id\":\"http:\/\/kommunikation.gaertnerhkk.de\/?p=435#primaryimage\"},\"image\":{\"@id\":\"http:\/\/kommunikation.gaertnerhkk.de\/?p=435#primaryimage\"},\"thumbnailUrl\":\"http:\/\/kommunikation.gaertnerhkk.de\/wp-content\/uploads\/2015\/05\/Fotolia_73648052_XS.jpg\",\"datePublished\":\"2015-06-30T12:57:58+00:00\",\"dateModified\":\"2016-08-02T13:22:25+00:00\",\"author\":{\"@id\":\"http:\/\/kommunikation.gaertnerhkk.de\/#\/schema\/person\/d05aaaadef4f18286349e0f161de1cdd\"},\"breadcrumb\":{\"@id\":\"http:\/\/kommunikation.gaertnerhkk.de\/?p=435#breadcrumb\"},\"inLanguage\":\"de-DE\",\"potentialAction\":[{\"@type\":\"ReadAction\",\"target\":[\"http:\/\/kommunikation.gaertnerhkk.de\/?p=435\"]}]},{\"@type\":\"ImageObject\",\"inLanguage\":\"de-DE\",\"@id\":\"http:\/\/kommunikation.gaertnerhkk.de\/?p=435#primaryimage\",\"url\":\"http:\/\/kommunikation.gaertnerhkk.de\/wp-content\/uploads\/2015\/05\/Fotolia_73648052_XS.jpg\",\"contentUrl\":\"http:\/\/kommunikation.gaertnerhkk.de\/wp-content\/uploads\/2015\/05\/Fotolia_73648052_XS.jpg\",\"width\":412,\"height\":291,\"caption\":\"aktiv; aktivit\u00e4t; arbeit; arbeitslos; arbeitslosigkeit; bewerben; bewerbung; alter trott, existenzgr\u00fcndug; entscheidung; fortschritt; m\u00f6glichkeiten; selbstst\u00e4ndigkeit; handeln; gr\u00fcndung; l\u00f6sung; machen; job; vors\u00e4tze; motivation; karriere; politik; option; Hamsterrad; selbstst\u00e4ndigkeit; selbst\u00e4ndig; motivation; start; starten; symbol; start-up; tat; taten; tun; m\u00e4nnchen; ver\u00e4nderung; vision; vors\u00e4tze; warten; neustart; ziel; zukunft, neuer weg, Zeit f\u00fcr neues, lebenswandel, abnehmen\"},{\"@type\":\"BreadcrumbList\",\"@id\":\"http:\/\/kommunikation.gaertnerhkk.de\/?p=435#breadcrumb\",\"itemListElement\":[{\"@type\":\"ListItem\",\"position\":1,\"name\":\"Home\",\"item\":\"http:\/\/kommunikation.gaertnerhkk.de\/\"},{\"@type\":\"ListItem\",\"position\":2,\"name\":\"Berufsorientierung &#8211; auch \u00fcber 40 noch ein Thema\"}]},{\"@type\":\"WebSite\",\"@id\":\"http:\/\/kommunikation.gaertnerhkk.de\/#website\",\"url\":\"http:\/\/kommunikation.gaertnerhkk.de\/\",\"name\":\"gaertner hkk\",\"description\":\"Bildungsmanufaktur\",\"potentialAction\":[{\"@type\":\"SearchAction\",\"target\":{\"@type\":\"EntryPoint\",\"urlTemplate\":\"http:\/\/kommunikation.gaertnerhkk.de\/?s={search_term_string}\"},\"query-input\":\"required name=search_term_string\"}],\"inLanguage\":\"de-DE\"},{\"@type\":\"Person\",\"@id\":\"http:\/\/kommunikation.gaertnerhkk.de\/#\/schema\/person\/d05aaaadef4f18286349e0f161de1cdd\",\"name\":\"andrea\",\"sameAs\":[\"http:\/\/gaertnerhkk.de\"]}]}<\/script>\n<!-- \/ Yoast SEO plugin. -->","yoast_head_json":{"title":"Berufsorientierung - auch \u00fcber 40 noch ein Thema - gaertner hkk","robots":{"index":"index","follow":"follow","max-snippet":"max-snippet:-1","max-image-preview":"max-image-preview:large","max-video-preview":"max-video-preview:-1"},"canonical":"http:\/\/kommunikation.gaertnerhkk.de\/?p=435","og_locale":"de_DE","og_type":"article","og_title":"Berufsorientierung - auch \u00fcber 40 noch ein Thema - gaertner hkk","og_description":"Oft stellt sich die Frage, kann ich mich in meinem Alter noch NEU orientieren. Mit Sicherheit: ja! Denn ber\u00fccksichtigen wir Arbeitsmarktsituation und Demografie, ge\u00e4nderte Arbeitsbedingungen oder den technologischen Fortschritt, dann macht Berufsorientierung in jedem Alter nicht nur Sinn, sondern f\u00f6rdert auch die nachhaltige Integration und den Verbleib auf dem Arbeitsmarkt. Ob berufliche Anpassungsqualifizierung, ein Neustart","og_url":"http:\/\/kommunikation.gaertnerhkk.de\/?p=435","og_site_name":"gaertner hkk","article_publisher":"https:\/\/www.facebook.com\/gaertnerhkk.de","article_published_time":"2015-06-30T12:57:58+00:00","article_modified_time":"2016-08-02T13:22:25+00:00","og_image":[{"width":412,"height":291,"url":"http:\/\/kommunikation.gaertnerhkk.de\/wp-content\/uploads\/2015\/05\/Fotolia_73648052_XS.jpg","type":"image\/jpeg"}],"author":"andrea","twitter_card":"summary_large_image","twitter_misc":{"Verfasst von":"andrea","Gesch\u00e4tzte Lesezeit":"1 Minute"},"schema":{"@context":"https:\/\/schema.org","@graph":[{"@type":"WebPage","@id":"http:\/\/kommunikation.gaertnerhkk.de\/?p=435","url":"http:\/\/kommunikation.gaertnerhkk.de\/?p=435","name":"Berufsorientierung - auch \u00fcber 40 noch ein Thema - gaertner hkk","isPartOf":{"@id":"http:\/\/kommunikation.gaertnerhkk.de\/#website"},"primaryImageOfPage":{"@id":"http:\/\/kommunikation.gaertnerhkk.de\/?p=435#primaryimage"},"image":{"@id":"http:\/\/kommunikation.gaertnerhkk.de\/?p=435#primaryimage"},"thumbnailUrl":"http:\/\/kommunikation.gaertnerhkk.de\/wp-content\/uploads\/2015\/05\/Fotolia_73648052_XS.jpg","datePublished":"2015-06-30T12:57:58+00:00","dateModified":"2016-08-02T13:22:25+00:00","author":{"@id":"http:\/\/kommunikation.gaertnerhkk.de\/#\/schema\/person\/d05aaaadef4f18286349e0f161de1cdd"},"breadcrumb":{"@id":"http:\/\/kommunikation.gaertnerhkk.de\/?p=435#breadcrumb"},"inLanguage":"de-DE","potentialAction":[{"@type":"ReadAction","target":["http:\/\/kommunikation.gaertnerhkk.de\/?p=435"]}]},{"@type":"ImageObject","inLanguage":"de-DE","@id":"http:\/\/kommunikation.gaertnerhkk.de\/?p=435#primaryimage","url":"http:\/\/kommunikation.gaertnerhkk.de\/wp-content\/uploads\/2015\/05\/Fotolia_73648052_XS.jpg","contentUrl":"http:\/\/kommunikation.gaertnerhkk.de\/wp-content\/uploads\/2015\/05\/Fotolia_73648052_XS.jpg","width":412,"height":291,"caption":"aktiv; aktivit\u00e4t; arbeit; arbeitslos; arbeitslosigkeit; bewerben; bewerbung; alter trott, existenzgr\u00fcndug; entscheidung; fortschritt; m\u00f6glichkeiten; selbstst\u00e4ndigkeit; handeln; gr\u00fcndung; l\u00f6sung; machen; job; vors\u00e4tze; motivation; karriere; politik; option; Hamsterrad; selbstst\u00e4ndigkeit; selbst\u00e4ndig; motivation; start; starten; symbol; start-up; tat; taten; tun; m\u00e4nnchen; ver\u00e4nderung; vision; vors\u00e4tze; warten; neustart; ziel; zukunft, neuer weg, Zeit f\u00fcr neues, lebenswandel, abnehmen"},{"@type":"BreadcrumbList","@id":"http:\/\/kommunikation.gaertnerhkk.de\/?p=435#breadcrumb","itemListElement":[{"@type":"ListItem","position":1,"name":"Home","item":"http:\/\/kommunikation.gaertnerhkk.de\/"},{"@type":"ListItem","position":2,"name":"Berufsorientierung &#8211; auch \u00fcber 40 noch ein Thema"}]},{"@type":"WebSite","@id":"http:\/\/kommunikation.gaertnerhkk.de\/#website","url":"http:\/\/kommunikation.gaertnerhkk.de\/","name":"gaertner hkk","description":"Bildungsmanufaktur","potentialAction":[{"@type":"SearchAction","target":{"@type":"EntryPoint","urlTemplate":"http:\/\/kommunikation.gaertnerhkk.de\/?s={search_term_string}"},"query-input":"required name=search_term_string"}],"inLanguage":"de-DE"},{"@type":"Person","@id":"http:\/\/kommunikation.gaertnerhkk.de\/#\/schema\/person\/d05aaaadef4f18286349e0f161de1cdd","name":"andrea","sameAs":["http:\/\/gaertnerhkk.de"]}]}},"_links":{"self":[{"href":"http:\/\/kommunikation.gaertnerhkk.de\/index.php?rest_route=\/wp\/v2\/posts\/435"}],"collection":[{"href":"http:\/\/kommunikation.gaertnerhkk.de\/index.php?rest_route=\/wp\/v2\/posts"}],"about":[{"href":"http:\/\/kommunikation.gaertnerhkk.de\/index.php?rest_route=\/wp\/v2\/types\/post"}],"author":[{"embeddable":true,"href":"http:\/\/kommunikation.gaertnerhkk.de\/index.php?rest_route=\/wp\/v2\/users\/1"}],"replies":[{"embeddable":true,"href":"http:\/\/kommunikation.gaertnerhkk.de\/index.php?rest_route=%2Fwp%2Fv2%2Fcomments&post=435"}],"version-history":[{"count":4,"href":"http:\/\/kommunikation.gaertnerhkk.de\/index.php?rest_route=\/wp\/v2\/posts\/435\/revisions"}],"predecessor-version":[{"id":1470,"href":"http:\/\/kommunikation.gaertnerhkk.de\/index.php?rest_route=\/wp\/v2\/posts\/435\/revisions\/1470"}],"wp:featuredmedia":[{"embeddable":true,"href":"http:\/\/kommunikation.gaertnerhkk.de\/index.php?rest_route=\/wp\/v2\/media\/130"}],"wp:attachment":[{"href":"http:\/\/kommunikation.gaertnerhkk.de\/index.php?rest_route=%2Fwp%2Fv2%2Fmedia&parent=435"}],"wp:term":[{"taxonomy":"category","embeddable":true,"href":"http:\/\/kommunikation.gaertnerhkk.de\/index.php?rest_route=%2Fwp%2Fv2%2Fcategories&post=435"},{"taxonomy":"post_tag","embeddable":true,"href":"http:\/\/kommunikation.gaertnerhkk.de\/index.php?rest_route=%2Fwp%2Fv2%2Ftags&post=435"}],"curies":[{"name":"wp","href":"https:\/\/api.w.org\/{rel}","templated":true}]}}