{"id":496,"date":"2015-07-02T10:42:22","date_gmt":"2015-07-02T10:42:22","guid":{"rendered":"http:\/\/kommunikation.gaertnerhkk.de\/?p=496"},"modified":"2015-07-02T11:12:28","modified_gmt":"2015-07-02T11:12:28","slug":"die-person-im-mittelpunkt","status":"publish","type":"post","link":"http:\/\/kommunikation.gaertnerhkk.de\/?p=496","title":{"rendered":"Veranstaltunghinweis aus der Reihe \u201eDie Person im Mittelpunkt\u201c"},"content":{"rendered":"<p><strong>Das Fortbildungsthema:<\/strong><\/p>\n<p>&nbsp;<\/p>\n<ul>\n<li>Wie gelingt der Aufbau von Motivation?<\/li>\n<li>Welcher Umgang empfiehlt sich mit den H\u00fcrden von Ambivalenz und innerem Widerstand?<\/li>\n<li>Wie k\u00f6nnen Konfrontationen zum Einsatz kommen, ohne die Klientin\/den Klienten zu verlieren?<\/li>\n<\/ul>\n<p>Diese Fragestellungen ergeben sich nicht nur in der Beratung und Behandlung von Suchtproblemen. Es handelt sich vielmehr um Themen, die sich immer dann stellen, wenn in <strong>helfenden Prozessen Ver\u00e4nderungen anstehen, erwartet und\/oder gefordert werden.<\/strong><\/p>\n<p>\u201eVom z\u00e4hen Ringen zum gemeinsamen Tanzen\u201c ist ein <strong>15-st\u00fcndiges, praxisorientiertes Seminar<\/strong> aus der<strong><span style=\"color: #ff0000;\"> Reihe<\/span> \u201eDie Person im Mittelpunkt\u201c,<\/strong> das im Zusammenwirken mit der GwG \u2013 <strong>Gesellschaft f\u00fcr Personzentrierte Psychotherapie und Beratung im Saarland<\/strong> angeboten wird.<\/p>\n<p><strong>Teilnahmegeb\u00fchr:<\/strong> pro Seminar und TeilnehmerIn: 140,00 \u20ac<\/p>\n<ul>\n<li><strong>Termin:<\/strong><\/li>\n<li>Freitag und Samstag 10. und 11. Juli 2015<\/li>\n<li>Seminarzeiten: freitags 14 \u2013 19 Uhr und samstags 9 \u2013 17 Uhr<br \/>\n(= 15 Seminarstd. \u00e1 45 Min.)<\/li>\n<li><strong>Seminarort: Saarlouis,<\/strong> Victor&#8217;s Residenz-Hotel Saarlouis<\/li>\n<\/ul>\n<p><strong>Die Fortbildungsreihe<\/strong><br \/>\n\u2022 erarbeitet Basisf\u00e4higkeiten in personzentrierter Gespr\u00e4chsf\u00fchrung<br \/>\n\u2022 erweitert die Kompetenz zur Gestaltung hilfreicher Beziehungen<br \/>\n\u2022 macht Angebote zur Selbstwahrnehmung und<br \/>\n\u2022 vermittelt Wissen zu den jeweiligen Schwerpunktthemen.<\/p>\n<p><strong>Kontakt und Anmeldung<\/strong>:<\/p>\n<p>Direkt bei der Seminarleitung telefonisch: <strong>0 68 58\u00a0 69 12 09 <\/strong>oder via Email: wbensel@ahg.de<\/p>\n<p>&nbsp;<\/p>\n<p><strong>Seminarleitung:<\/strong><\/p>\n<p>Wolfgang Bensel<\/p>\n<p class=\"hide-if-no-js\"><a id=\"set-post-thumbnail\" class=\"thickbox\" title=\"Beitragsbild festlegen\" href=\"http:\/\/kommunikation.gaertnerhkk.de\/wp-admin\/media-upload.php?post_id=496&amp;type=image&amp;TB_iframe=1\"><img loading=\"lazy\" decoding=\"async\" class=\"attachment-266x266 alignright\" src=\"http:\/\/kommunikation.gaertnerhkk.de\/wp-content\/uploads\/2015\/07\/Bensel-250x300.jpg\" alt=\"Bensel\" width=\"129\" height=\"147\" \/><\/a><\/p>\n<p>Diplom Sozialarbeiter, Klientenzentrierter Gespr\u00e4chstherapeut GwG, Heilpraktiker (Psychotherapie) Ausbilder in Personzentrierter Beratung und Sozialtherapie (GwG), Langj\u00e4hrige T\u00e4tigkeit im Bereich der Suchttherapie sowie in der Ausbildung in Personzentrierter Beratung<br \/>\n(GwG) und Sozialtherapie (GwG), Zahlreiche Ver\u00f6ffentlichungen zu den genannten Themenbereichen.<\/p>\n<p><strong>\u00a0<\/strong><\/p>\n","protected":false},"excerpt":{"rendered":"Das Fortbildungsthema: &nbsp; Wie gelingt der Aufbau von Motivation? Welcher Umgang empfiehlt sich mit den H\u00fcrden von Ambivalenz und innerem Widerstand? Wie k\u00f6nnen Konfrontationen zum Einsatz kommen, ohne die Klientin\/den Klienten zu verlieren? Diese Fragestellungen ergeben sich nicht nur in der Beratung und Behandlung von Suchtproblemen. Es handelt sich vielmehr um Themen, die sich immer ","protected":false},"author":1,"featured_media":497,"comment_status":"open","ping_status":"open","sticky":false,"template":"","format":"standard","meta":{"footnotes":""},"categories":[3],"tags":[20,21,22],"class_list":["post-496","post","type-post","status-publish","format-standard","has-post-thumbnail","hentry","category-downloads","tag-beratung","tag-personenzentriert","tag-semiar"],"yoast_head":"<!-- This site is optimized with the Yoast SEO plugin v23.1 - https:\/\/yoast.com\/wordpress\/plugins\/seo\/ -->\n<title>Veranstaltunghinweis aus der Reihe \u201eDie Person im Mittelpunkt\u201c - gaertner hkk<\/title>\n<meta name=\"robots\" content=\"index, follow, max-snippet:-1, max-image-preview:large, max-video-preview:-1\" \/>\n<link rel=\"canonical\" href=\"http:\/\/kommunikation.gaertnerhkk.de\/?p=496\" \/>\n<meta property=\"og:locale\" content=\"de_DE\" \/>\n<meta property=\"og:type\" content=\"article\" \/>\n<meta property=\"og:title\" content=\"Veranstaltunghinweis aus der Reihe \u201eDie Person im Mittelpunkt\u201c - gaertner hkk\" \/>\n<meta property=\"og:description\" content=\"Das Fortbildungsthema: &nbsp; Wie gelingt der Aufbau von Motivation? Welcher Umgang empfiehlt sich mit den H\u00fcrden von Ambivalenz und innerem Widerstand? Wie k\u00f6nnen Konfrontationen zum Einsatz kommen, ohne die Klientin\/den Klienten zu verlieren? Diese Fragestellungen ergeben sich nicht nur in der Beratung und Behandlung von Suchtproblemen. Es handelt sich vielmehr um Themen, die sich immer\" \/>\n<meta property=\"og:url\" content=\"http:\/\/kommunikation.gaertnerhkk.de\/?p=496\" \/>\n<meta property=\"og:site_name\" content=\"gaertner hkk\" \/>\n<meta property=\"article:publisher\" content=\"https:\/\/www.facebook.com\/gaertnerhkk.de\" \/>\n<meta property=\"article:published_time\" content=\"2015-07-02T10:42:22+00:00\" \/>\n<meta property=\"article:modified_time\" content=\"2015-07-02T11:12:28+00:00\" \/>\n<meta property=\"og:image\" content=\"http:\/\/kommunikation.gaertnerhkk.de\/wp-content\/uploads\/2015\/07\/Bensel.jpg\" \/>\n\t<meta property=\"og:image:width\" content=\"346\" \/>\n\t<meta property=\"og:image:height\" content=\"415\" \/>\n\t<meta property=\"og:image:type\" content=\"image\/jpeg\" \/>\n<meta name=\"author\" content=\"andrea\" \/>\n<meta name=\"twitter:card\" content=\"summary_large_image\" \/>\n<meta name=\"twitter:label1\" content=\"Verfasst von\" \/>\n\t<meta name=\"twitter:data1\" content=\"andrea\" \/>\n\t<meta name=\"twitter:label2\" content=\"Gesch\u00e4tzte Lesezeit\" \/>\n\t<meta name=\"twitter:data2\" content=\"1 Minute\" \/>\n<script type=\"application\/ld+json\" class=\"yoast-schema-graph\">{\"@context\":\"https:\/\/schema.org\",\"@graph\":[{\"@type\":\"WebPage\",\"@id\":\"http:\/\/kommunikation.gaertnerhkk.de\/?p=496\",\"url\":\"http:\/\/kommunikation.gaertnerhkk.de\/?p=496\",\"name\":\"Veranstaltunghinweis aus der Reihe \u201eDie Person im Mittelpunkt\u201c - gaertner hkk\",\"isPartOf\":{\"@id\":\"http:\/\/kommunikation.gaertnerhkk.de\/#website\"},\"primaryImageOfPage\":{\"@id\":\"http:\/\/kommunikation.gaertnerhkk.de\/?p=496#primaryimage\"},\"image\":{\"@id\":\"http:\/\/kommunikation.gaertnerhkk.de\/?p=496#primaryimage\"},\"thumbnailUrl\":\"http:\/\/kommunikation.gaertnerhkk.de\/wp-content\/uploads\/2015\/07\/Bensel.jpg\",\"datePublished\":\"2015-07-02T10:42:22+00:00\",\"dateModified\":\"2015-07-02T11:12:28+00:00\",\"author\":{\"@id\":\"http:\/\/kommunikation.gaertnerhkk.de\/#\/schema\/person\/d05aaaadef4f18286349e0f161de1cdd\"},\"breadcrumb\":{\"@id\":\"http:\/\/kommunikation.gaertnerhkk.de\/?p=496#breadcrumb\"},\"inLanguage\":\"de-DE\",\"potentialAction\":[{\"@type\":\"ReadAction\",\"target\":[\"http:\/\/kommunikation.gaertnerhkk.de\/?p=496\"]}]},{\"@type\":\"ImageObject\",\"inLanguage\":\"de-DE\",\"@id\":\"http:\/\/kommunikation.gaertnerhkk.de\/?p=496#primaryimage\",\"url\":\"http:\/\/kommunikation.gaertnerhkk.de\/wp-content\/uploads\/2015\/07\/Bensel.jpg\",\"contentUrl\":\"http:\/\/kommunikation.gaertnerhkk.de\/wp-content\/uploads\/2015\/07\/Bensel.jpg\",\"width\":346,\"height\":415},{\"@type\":\"BreadcrumbList\",\"@id\":\"http:\/\/kommunikation.gaertnerhkk.de\/?p=496#breadcrumb\",\"itemListElement\":[{\"@type\":\"ListItem\",\"position\":1,\"name\":\"Home\",\"item\":\"http:\/\/kommunikation.gaertnerhkk.de\/\"},{\"@type\":\"ListItem\",\"position\":2,\"name\":\"Veranstaltunghinweis aus der Reihe \u201eDie Person im Mittelpunkt\u201c\"}]},{\"@type\":\"WebSite\",\"@id\":\"http:\/\/kommunikation.gaertnerhkk.de\/#website\",\"url\":\"http:\/\/kommunikation.gaertnerhkk.de\/\",\"name\":\"gaertner hkk\",\"description\":\"Bildungsmanufaktur\",\"potentialAction\":[{\"@type\":\"SearchAction\",\"target\":{\"@type\":\"EntryPoint\",\"urlTemplate\":\"http:\/\/kommunikation.gaertnerhkk.de\/?s={search_term_string}\"},\"query-input\":\"required name=search_term_string\"}],\"inLanguage\":\"de-DE\"},{\"@type\":\"Person\",\"@id\":\"http:\/\/kommunikation.gaertnerhkk.de\/#\/schema\/person\/d05aaaadef4f18286349e0f161de1cdd\",\"name\":\"andrea\",\"sameAs\":[\"http:\/\/gaertnerhkk.de\"]}]}<\/script>\n<!-- \/ Yoast SEO plugin. -->","yoast_head_json":{"title":"Veranstaltunghinweis aus der Reihe \u201eDie Person im Mittelpunkt\u201c - gaertner hkk","robots":{"index":"index","follow":"follow","max-snippet":"max-snippet:-1","max-image-preview":"max-image-preview:large","max-video-preview":"max-video-preview:-1"},"canonical":"http:\/\/kommunikation.gaertnerhkk.de\/?p=496","og_locale":"de_DE","og_type":"article","og_title":"Veranstaltunghinweis aus der Reihe \u201eDie Person im Mittelpunkt\u201c - gaertner hkk","og_description":"Das Fortbildungsthema: &nbsp; Wie gelingt der Aufbau von Motivation? Welcher Umgang empfiehlt sich mit den H\u00fcrden von Ambivalenz und innerem Widerstand? Wie k\u00f6nnen Konfrontationen zum Einsatz kommen, ohne die Klientin\/den Klienten zu verlieren? Diese Fragestellungen ergeben sich nicht nur in der Beratung und Behandlung von Suchtproblemen. Es handelt sich vielmehr um Themen, die sich immer","og_url":"http:\/\/kommunikation.gaertnerhkk.de\/?p=496","og_site_name":"gaertner hkk","article_publisher":"https:\/\/www.facebook.com\/gaertnerhkk.de","article_published_time":"2015-07-02T10:42:22+00:00","article_modified_time":"2015-07-02T11:12:28+00:00","og_image":[{"width":346,"height":415,"url":"http:\/\/kommunikation.gaertnerhkk.de\/wp-content\/uploads\/2015\/07\/Bensel.jpg","type":"image\/jpeg"}],"author":"andrea","twitter_card":"summary_large_image","twitter_misc":{"Verfasst von":"andrea","Gesch\u00e4tzte Lesezeit":"1 Minute"},"schema":{"@context":"https:\/\/schema.org","@graph":[{"@type":"WebPage","@id":"http:\/\/kommunikation.gaertnerhkk.de\/?p=496","url":"http:\/\/kommunikation.gaertnerhkk.de\/?p=496","name":"Veranstaltunghinweis aus der Reihe \u201eDie Person im Mittelpunkt\u201c - gaertner hkk","isPartOf":{"@id":"http:\/\/kommunikation.gaertnerhkk.de\/#website"},"primaryImageOfPage":{"@id":"http:\/\/kommunikation.gaertnerhkk.de\/?p=496#primaryimage"},"image":{"@id":"http:\/\/kommunikation.gaertnerhkk.de\/?p=496#primaryimage"},"thumbnailUrl":"http:\/\/kommunikation.gaertnerhkk.de\/wp-content\/uploads\/2015\/07\/Bensel.jpg","datePublished":"2015-07-02T10:42:22+00:00","dateModified":"2015-07-02T11:12:28+00:00","author":{"@id":"http:\/\/kommunikation.gaertnerhkk.de\/#\/schema\/person\/d05aaaadef4f18286349e0f161de1cdd"},"breadcrumb":{"@id":"http:\/\/kommunikation.gaertnerhkk.de\/?p=496#breadcrumb"},"inLanguage":"de-DE","potentialAction":[{"@type":"ReadAction","target":["http:\/\/kommunikation.gaertnerhkk.de\/?p=496"]}]},{"@type":"ImageObject","inLanguage":"de-DE","@id":"http:\/\/kommunikation.gaertnerhkk.de\/?p=496#primaryimage","url":"http:\/\/kommunikation.gaertnerhkk.de\/wp-content\/uploads\/2015\/07\/Bensel.jpg","contentUrl":"http:\/\/kommunikation.gaertnerhkk.de\/wp-content\/uploads\/2015\/07\/Bensel.jpg","width":346,"height":415},{"@type":"BreadcrumbList","@id":"http:\/\/kommunikation.gaertnerhkk.de\/?p=496#breadcrumb","itemListElement":[{"@type":"ListItem","position":1,"name":"Home","item":"http:\/\/kommunikation.gaertnerhkk.de\/"},{"@type":"ListItem","position":2,"name":"Veranstaltunghinweis aus der Reihe \u201eDie Person im Mittelpunkt\u201c"}]},{"@type":"WebSite","@id":"http:\/\/kommunikation.gaertnerhkk.de\/#website","url":"http:\/\/kommunikation.gaertnerhkk.de\/","name":"gaertner hkk","description":"Bildungsmanufaktur","potentialAction":[{"@type":"SearchAction","target":{"@type":"EntryPoint","urlTemplate":"http:\/\/kommunikation.gaertnerhkk.de\/?s={search_term_string}"},"query-input":"required name=search_term_string"}],"inLanguage":"de-DE"},{"@type":"Person","@id":"http:\/\/kommunikation.gaertnerhkk.de\/#\/schema\/person\/d05aaaadef4f18286349e0f161de1cdd","name":"andrea","sameAs":["http:\/\/gaertnerhkk.de"]}]}},"_links":{"self":[{"href":"http:\/\/kommunikation.gaertnerhkk.de\/index.php?rest_route=\/wp\/v2\/posts\/496"}],"collection":[{"href":"http:\/\/kommunikation.gaertnerhkk.de\/index.php?rest_route=\/wp\/v2\/posts"}],"about":[{"href":"http:\/\/kommunikation.gaertnerhkk.de\/index.php?rest_route=\/wp\/v2\/types\/post"}],"author":[{"embeddable":true,"href":"http:\/\/kommunikation.gaertnerhkk.de\/index.php?rest_route=\/wp\/v2\/users\/1"}],"replies":[{"embeddable":true,"href":"http:\/\/kommunikation.gaertnerhkk.de\/index.php?rest_route=%2Fwp%2Fv2%2Fcomments&post=496"}],"version-history":[{"count":9,"href":"http:\/\/kommunikation.gaertnerhkk.de\/index.php?rest_route=\/wp\/v2\/posts\/496\/revisions"}],"predecessor-version":[{"id":507,"href":"http:\/\/kommunikation.gaertnerhkk.de\/index.php?rest_route=\/wp\/v2\/posts\/496\/revisions\/507"}],"wp:featuredmedia":[{"embeddable":true,"href":"http:\/\/kommunikation.gaertnerhkk.de\/index.php?rest_route=\/wp\/v2\/media\/497"}],"wp:attachment":[{"href":"http:\/\/kommunikation.gaertnerhkk.de\/index.php?rest_route=%2Fwp%2Fv2%2Fmedia&parent=496"}],"wp:term":[{"taxonomy":"category","embeddable":true,"href":"http:\/\/kommunikation.gaertnerhkk.de\/index.php?rest_route=%2Fwp%2Fv2%2Fcategories&post=496"},{"taxonomy":"post_tag","embeddable":true,"href":"http:\/\/kommunikation.gaertnerhkk.de\/index.php?rest_route=%2Fwp%2Fv2%2Ftags&post=496"}],"curies":[{"name":"wp","href":"https:\/\/api.w.org\/{rel}","templated":true}]}}