{"id":509,"date":"2015-07-03T09:07:51","date_gmt":"2015-07-03T09:07:51","guid":{"rendered":"http:\/\/kommunikation.gaertnerhkk.de\/?p=509"},"modified":"2015-07-17T12:26:15","modified_gmt":"2015-07-17T12:26:15","slug":"aktives-zuhoeren","status":"publish","type":"post","link":"http:\/\/kommunikation.gaertnerhkk.de\/?p=509","title":{"rendered":"Aktives Zuh\u00f6ren"},"content":{"rendered":"<p>In der Auseinandersetzung mit unserer Umwelt, unseren Freunden, Erziehern und anderen Personen ergeben sich besonders f\u00fcr den Menschen in stressigen Situationen Probleme im Bereich der Kommunikation. Interkulturelle Unterschiede, verschiedene Kommunikationsstile, Verunsicherung, Zweifel an der eigenen Identit\u00e4t sind nur einige Beweggr\u00fcnde, die den einen Part der Kommuniktion entt\u00e4uscht, ge\u00e4ngstigt, gedem\u00fctigt, zur\u00fcckgesetzt, verunsichert macht.<\/p>\n<p>In diesen Situationen liegt die gro\u00dfe Chance, dem Gegen\u00fcber aufgeschlossen entgegen zu treten. Eine konstruktive Gespr\u00e4chsbasis zu schaffen durch:<\/p>\n<ul>\n<li><strong>das &#8222;Aktive Zuh\u00f6ren&#8220;.<\/strong><\/li>\n<\/ul>\n<p>Es wurde von professionellen Helfern, Psychotherapeuten, Erziehungs- und Familienberatern entwickelt und verwandt.<\/p>\n<ul>\n<li><strong> Was ist aktives Zuh\u00f6ren?<\/strong><\/li>\n<\/ul>\n<p>Wie sich mein Gegen\u00fcber gerade f\u00fchlt, sein innerer Zustand, seine Bed\u00fcrfnisse, Gef\u00fchle, Empfindungen und Gedanken wird er uns nicht direkt mitteilen: Die Informationen dar\u00fcber erhalten wir aus den sprachlichen und nicht-sprachlichen \u00c4u\u00dferungen (K\u00f6rpersprache). Und diese Kombination ist der Weg mein Gegen\u00fcber besser zu verstehen.<\/p>\n<p><strong>Ich formuliere das, was mein Gespr\u00e4chspartner mit mitteilt mit meine eigenen Worten und geben es wieder. Wertneutral ohne Urteile, Ratschl\u00e4ge, Ermahnungen usw.<\/strong><\/p>\n<p><strong><u>Beispiel<\/u><br \/>\n<\/strong><\/p>\n<p>Der Gespr\u00e4chspartner f\u00fchlt sich zur\u00fcckgesetzt und sagt (verschl\u00fcsselte Botschaft):<\/p>\n<ul>\n<li>&#8222;Wonach es sich wohl richtet, wer gef\u00f6rdert wird und wer nicht?&#8220;<\/li>\n<\/ul>\n<p>Der Berater entschl\u00fcsselt die Worte, denkt: &#8220;<\/p>\n<ul>\n<li>Er f\u00fchlt sich wahrscheinlich zur\u00fcckgesetzt&#8220; und sagt: &#8222;Du f\u00fchlst dich anderen gegen\u00fcber zur\u00fcckgesetzt.&#8220;<\/li>\n<\/ul>\n<p>Der Berater hat die Botschaft hier richtig entschl\u00fcsselt.<\/p>\n<p>Er h\u00e4tte auch andere Reaktionen zeigen k\u00f6nnen:<\/p>\n<ul>\n<li>z.B. &#8222;Jeder nach seiner Leistung!&#8220; oder &#8222;Sowas ist oft Zufall.&#8220; oder &#8222;Da mu\u00df man sich manchmal etwas vordr\u00e4ngen.&#8220;<\/li>\n<\/ul>\n<ul>\n<li><strong> Warum aktives Zuh\u00f6ren?<\/strong><\/li>\n<\/ul>\n<p>Aktives Zuh\u00f6ren hilft:<\/p>\n<ul>\n<li>dem Gespr\u00e4chspartner bei der Kl\u00e4rung und Verarbeitung eigener Empfindungen. Er wird eigene negative Empfindungen weniger f\u00fcrchten, wenn er erf\u00e4hrt, da\u00df der Gespr\u00e4chspartner sie akzeptiert.<\/li>\n<\/ul>\n<p>Aktives Zuh\u00f6ren verbessert und vertieft:<\/p>\n<ul>\n<li>die Beziehung zwischenden Gespr\u00e4chspartnern durch das Gef\u00fchl: &#8222;Der\u00a0 versteht mich, ich kann ihm vertrauen&#8220;, es schafft die Basis f\u00fcr die Mitteilung eigener Gedanken, Ideen, W\u00fcnsche, f\u00fcr die\u00a0 indirekte Gestaltung einer harmonischen Gespr\u00e4chsf\u00fchrung.<\/li>\n<\/ul>\n<p>Aktives Zuh\u00f6rens ist kein Trick, kein mechanisches Werkzeug, es ist eine gute menschliche Eigenschaft, die den Gespr\u00e4chspartner selbst\u00e4ndige Person mit seinen eigenen Problemen und dem Recht, eigene Erfahrungen zu machen, akzeptiert.<\/p>\n<p>Aktives Zuh\u00f6ren ist eine Methode, die das Gespr\u00e4ch in die richtige Richtung f\u00fchrt und unangenehme Situationen entsch\u00e4rft:<\/p>\n<p class=\"hide-if-no-js\"><a id=\"set-post-thumbnail\" class=\"thickbox\" title=\"Beitragsbild festlegen\" href=\"http:\/\/kommunikation.gaertnerhkk.de\/wp-admin\/media-upload.php?post_id=509&amp;type=image&amp;TB_iframe=1\"><img loading=\"lazy\" decoding=\"async\" class=\"attachment-266x266 alignright\" src=\"http:\/\/kommunikation.gaertnerhkk.de\/wp-content\/uploads\/2015\/06\/Fotolia_79509409_XS-300x296.jpg\" alt=\"Information\" width=\"139\" height=\"101\" \/><\/a><\/p>\n<p>Es gibt den Gespr\u00e4chspartnern das Gef\u00fchl, eigene Verantwortung f\u00fcr sich zu haben und zu wissen verstanden zu werden, und damit auf einer Ebene mit dem Gegen\u00fcber zu sein. Na ja, es wird sich nicht immer direkt eine L\u00f6sung abzeichnen, aber gute Gespr\u00e4che, in denen man das Gef\u00fchl hat, angenommen und verstanden zu sein, helfen sich positiv zu motivieren und sich neu zu orientieren.<\/p>\n<p>&nbsp;<\/p>\n<p>&nbsp;<\/p>\n","protected":false},"excerpt":{"rendered":"In der Auseinandersetzung mit unserer Umwelt, unseren Freunden, Erziehern und anderen Personen ergeben sich besonders f\u00fcr den Menschen in stressigen Situationen Probleme im Bereich der Kommunikation. Interkulturelle Unterschiede, verschiedene Kommunikationsstile, Verunsicherung, Zweifel an der eigenen Identit\u00e4t sind nur einige Beweggr\u00fcnde, die den einen Part der Kommuniktion entt\u00e4uscht, ge\u00e4ngstigt, gedem\u00fctigt, zur\u00fcckgesetzt, verunsichert macht. In diesen Situationen ","protected":false},"author":1,"featured_media":341,"comment_status":"open","ping_status":"open","sticky":false,"template":"","format":"standard","meta":{"footnotes":""},"categories":[18],"tags":[24,44,148,146,110,121,122,123,124],"class_list":["post-509","post","type-post","status-publish","format-standard","has-post-thumbnail","hentry","category-personalentwicklung","tag-allgemeine-weiterbildung","tag-berufliche-bildung-praktisch-unschlagbar","tag-konfliktloesung","tag-training","tag-we","tag-weiterbildung-mit-50","tag-weiterbildung-mit-hauptschulabschluss","tag-weiterbildung-mit-kind","tag-weiterbildung-mit-zukunft"],"yoast_head":"<!-- This site is optimized with the Yoast SEO plugin v23.1 - https:\/\/yoast.com\/wordpress\/plugins\/seo\/ -->\n<title>Aktives Zuh\u00f6ren - gaertner hkk<\/title>\n<meta name=\"robots\" content=\"index, follow, max-snippet:-1, max-image-preview:large, max-video-preview:-1\" \/>\n<link rel=\"canonical\" href=\"http:\/\/kommunikation.gaertnerhkk.de\/?p=509\" \/>\n<meta property=\"og:locale\" content=\"de_DE\" \/>\n<meta property=\"og:type\" content=\"article\" \/>\n<meta property=\"og:title\" content=\"Aktives Zuh\u00f6ren - gaertner hkk\" \/>\n<meta property=\"og:description\" content=\"In der Auseinandersetzung mit unserer Umwelt, unseren Freunden, Erziehern und anderen Personen ergeben sich besonders f\u00fcr den Menschen in stressigen Situationen Probleme im Bereich der Kommunikation. Interkulturelle Unterschiede, verschiedene Kommunikationsstile, Verunsicherung, Zweifel an der eigenen Identit\u00e4t sind nur einige Beweggr\u00fcnde, die den einen Part der Kommuniktion entt\u00e4uscht, ge\u00e4ngstigt, gedem\u00fctigt, zur\u00fcckgesetzt, verunsichert macht. In diesen Situationen\" \/>\n<meta property=\"og:url\" content=\"http:\/\/kommunikation.gaertnerhkk.de\/?p=509\" \/>\n<meta property=\"og:site_name\" content=\"gaertner hkk\" \/>\n<meta property=\"article:publisher\" content=\"https:\/\/www.facebook.com\/gaertnerhkk.de\" \/>\n<meta property=\"article:published_time\" content=\"2015-07-03T09:07:51+00:00\" \/>\n<meta property=\"article:modified_time\" content=\"2015-07-17T12:26:15+00:00\" \/>\n<meta property=\"og:image\" content=\"http:\/\/kommunikation.gaertnerhkk.de\/wp-content\/uploads\/2015\/06\/Fotolia_79509409_XS.jpg\" \/>\n\t<meta property=\"og:image:width\" content=\"349\" \/>\n\t<meta property=\"og:image:height\" content=\"344\" \/>\n\t<meta property=\"og:image:type\" content=\"image\/jpeg\" \/>\n<meta name=\"author\" content=\"andrea\" \/>\n<meta name=\"twitter:card\" content=\"summary_large_image\" \/>\n<meta name=\"twitter:label1\" content=\"Verfasst von\" \/>\n\t<meta name=\"twitter:data1\" content=\"andrea\" \/>\n\t<meta name=\"twitter:label2\" content=\"Gesch\u00e4tzte Lesezeit\" \/>\n\t<meta name=\"twitter:data2\" content=\"2 Minuten\" \/>\n<script type=\"application\/ld+json\" class=\"yoast-schema-graph\">{\"@context\":\"https:\/\/schema.org\",\"@graph\":[{\"@type\":\"WebPage\",\"@id\":\"http:\/\/kommunikation.gaertnerhkk.de\/?p=509\",\"url\":\"http:\/\/kommunikation.gaertnerhkk.de\/?p=509\",\"name\":\"Aktives Zuh\u00f6ren - gaertner hkk\",\"isPartOf\":{\"@id\":\"http:\/\/kommunikation.gaertnerhkk.de\/#website\"},\"primaryImageOfPage\":{\"@id\":\"http:\/\/kommunikation.gaertnerhkk.de\/?p=509#primaryimage\"},\"image\":{\"@id\":\"http:\/\/kommunikation.gaertnerhkk.de\/?p=509#primaryimage\"},\"thumbnailUrl\":\"http:\/\/kommunikation.gaertnerhkk.de\/wp-content\/uploads\/2015\/06\/Fotolia_79509409_XS.jpg\",\"datePublished\":\"2015-07-03T09:07:51+00:00\",\"dateModified\":\"2015-07-17T12:26:15+00:00\",\"author\":{\"@id\":\"http:\/\/kommunikation.gaertnerhkk.de\/#\/schema\/person\/d05aaaadef4f18286349e0f161de1cdd\"},\"breadcrumb\":{\"@id\":\"http:\/\/kommunikation.gaertnerhkk.de\/?p=509#breadcrumb\"},\"inLanguage\":\"de-DE\",\"potentialAction\":[{\"@type\":\"ReadAction\",\"target\":[\"http:\/\/kommunikation.gaertnerhkk.de\/?p=509\"]}]},{\"@type\":\"ImageObject\",\"inLanguage\":\"de-DE\",\"@id\":\"http:\/\/kommunikation.gaertnerhkk.de\/?p=509#primaryimage\",\"url\":\"http:\/\/kommunikation.gaertnerhkk.de\/wp-content\/uploads\/2015\/06\/Fotolia_79509409_XS.jpg\",\"contentUrl\":\"http:\/\/kommunikation.gaertnerhkk.de\/wp-content\/uploads\/2015\/06\/Fotolia_79509409_XS.jpg\",\"width\":349,\"height\":344},{\"@type\":\"BreadcrumbList\",\"@id\":\"http:\/\/kommunikation.gaertnerhkk.de\/?p=509#breadcrumb\",\"itemListElement\":[{\"@type\":\"ListItem\",\"position\":1,\"name\":\"Home\",\"item\":\"http:\/\/kommunikation.gaertnerhkk.de\/\"},{\"@type\":\"ListItem\",\"position\":2,\"name\":\"Aktives Zuh\u00f6ren\"}]},{\"@type\":\"WebSite\",\"@id\":\"http:\/\/kommunikation.gaertnerhkk.de\/#website\",\"url\":\"http:\/\/kommunikation.gaertnerhkk.de\/\",\"name\":\"gaertner hkk\",\"description\":\"Bildungsmanufaktur\",\"potentialAction\":[{\"@type\":\"SearchAction\",\"target\":{\"@type\":\"EntryPoint\",\"urlTemplate\":\"http:\/\/kommunikation.gaertnerhkk.de\/?s={search_term_string}\"},\"query-input\":\"required name=search_term_string\"}],\"inLanguage\":\"de-DE\"},{\"@type\":\"Person\",\"@id\":\"http:\/\/kommunikation.gaertnerhkk.de\/#\/schema\/person\/d05aaaadef4f18286349e0f161de1cdd\",\"name\":\"andrea\",\"sameAs\":[\"http:\/\/gaertnerhkk.de\"]}]}<\/script>\n<!-- \/ Yoast SEO plugin. -->","yoast_head_json":{"title":"Aktives Zuh\u00f6ren - gaertner hkk","robots":{"index":"index","follow":"follow","max-snippet":"max-snippet:-1","max-image-preview":"max-image-preview:large","max-video-preview":"max-video-preview:-1"},"canonical":"http:\/\/kommunikation.gaertnerhkk.de\/?p=509","og_locale":"de_DE","og_type":"article","og_title":"Aktives Zuh\u00f6ren - gaertner hkk","og_description":"In der Auseinandersetzung mit unserer Umwelt, unseren Freunden, Erziehern und anderen Personen ergeben sich besonders f\u00fcr den Menschen in stressigen Situationen Probleme im Bereich der Kommunikation. Interkulturelle Unterschiede, verschiedene Kommunikationsstile, Verunsicherung, Zweifel an der eigenen Identit\u00e4t sind nur einige Beweggr\u00fcnde, die den einen Part der Kommuniktion entt\u00e4uscht, ge\u00e4ngstigt, gedem\u00fctigt, zur\u00fcckgesetzt, verunsichert macht. In diesen Situationen","og_url":"http:\/\/kommunikation.gaertnerhkk.de\/?p=509","og_site_name":"gaertner hkk","article_publisher":"https:\/\/www.facebook.com\/gaertnerhkk.de","article_published_time":"2015-07-03T09:07:51+00:00","article_modified_time":"2015-07-17T12:26:15+00:00","og_image":[{"width":349,"height":344,"url":"http:\/\/kommunikation.gaertnerhkk.de\/wp-content\/uploads\/2015\/06\/Fotolia_79509409_XS.jpg","type":"image\/jpeg"}],"author":"andrea","twitter_card":"summary_large_image","twitter_misc":{"Verfasst von":"andrea","Gesch\u00e4tzte Lesezeit":"2 Minuten"},"schema":{"@context":"https:\/\/schema.org","@graph":[{"@type":"WebPage","@id":"http:\/\/kommunikation.gaertnerhkk.de\/?p=509","url":"http:\/\/kommunikation.gaertnerhkk.de\/?p=509","name":"Aktives Zuh\u00f6ren - gaertner hkk","isPartOf":{"@id":"http:\/\/kommunikation.gaertnerhkk.de\/#website"},"primaryImageOfPage":{"@id":"http:\/\/kommunikation.gaertnerhkk.de\/?p=509#primaryimage"},"image":{"@id":"http:\/\/kommunikation.gaertnerhkk.de\/?p=509#primaryimage"},"thumbnailUrl":"http:\/\/kommunikation.gaertnerhkk.de\/wp-content\/uploads\/2015\/06\/Fotolia_79509409_XS.jpg","datePublished":"2015-07-03T09:07:51+00:00","dateModified":"2015-07-17T12:26:15+00:00","author":{"@id":"http:\/\/kommunikation.gaertnerhkk.de\/#\/schema\/person\/d05aaaadef4f18286349e0f161de1cdd"},"breadcrumb":{"@id":"http:\/\/kommunikation.gaertnerhkk.de\/?p=509#breadcrumb"},"inLanguage":"de-DE","potentialAction":[{"@type":"ReadAction","target":["http:\/\/kommunikation.gaertnerhkk.de\/?p=509"]}]},{"@type":"ImageObject","inLanguage":"de-DE","@id":"http:\/\/kommunikation.gaertnerhkk.de\/?p=509#primaryimage","url":"http:\/\/kommunikation.gaertnerhkk.de\/wp-content\/uploads\/2015\/06\/Fotolia_79509409_XS.jpg","contentUrl":"http:\/\/kommunikation.gaertnerhkk.de\/wp-content\/uploads\/2015\/06\/Fotolia_79509409_XS.jpg","width":349,"height":344},{"@type":"BreadcrumbList","@id":"http:\/\/kommunikation.gaertnerhkk.de\/?p=509#breadcrumb","itemListElement":[{"@type":"ListItem","position":1,"name":"Home","item":"http:\/\/kommunikation.gaertnerhkk.de\/"},{"@type":"ListItem","position":2,"name":"Aktives Zuh\u00f6ren"}]},{"@type":"WebSite","@id":"http:\/\/kommunikation.gaertnerhkk.de\/#website","url":"http:\/\/kommunikation.gaertnerhkk.de\/","name":"gaertner hkk","description":"Bildungsmanufaktur","potentialAction":[{"@type":"SearchAction","target":{"@type":"EntryPoint","urlTemplate":"http:\/\/kommunikation.gaertnerhkk.de\/?s={search_term_string}"},"query-input":"required name=search_term_string"}],"inLanguage":"de-DE"},{"@type":"Person","@id":"http:\/\/kommunikation.gaertnerhkk.de\/#\/schema\/person\/d05aaaadef4f18286349e0f161de1cdd","name":"andrea","sameAs":["http:\/\/gaertnerhkk.de"]}]}},"_links":{"self":[{"href":"http:\/\/kommunikation.gaertnerhkk.de\/index.php?rest_route=\/wp\/v2\/posts\/509"}],"collection":[{"href":"http:\/\/kommunikation.gaertnerhkk.de\/index.php?rest_route=\/wp\/v2\/posts"}],"about":[{"href":"http:\/\/kommunikation.gaertnerhkk.de\/index.php?rest_route=\/wp\/v2\/types\/post"}],"author":[{"embeddable":true,"href":"http:\/\/kommunikation.gaertnerhkk.de\/index.php?rest_route=\/wp\/v2\/users\/1"}],"replies":[{"embeddable":true,"href":"http:\/\/kommunikation.gaertnerhkk.de\/index.php?rest_route=%2Fwp%2Fv2%2Fcomments&post=509"}],"version-history":[{"count":6,"href":"http:\/\/kommunikation.gaertnerhkk.de\/index.php?rest_route=\/wp\/v2\/posts\/509\/revisions"}],"predecessor-version":[{"id":716,"href":"http:\/\/kommunikation.gaertnerhkk.de\/index.php?rest_route=\/wp\/v2\/posts\/509\/revisions\/716"}],"wp:featuredmedia":[{"embeddable":true,"href":"http:\/\/kommunikation.gaertnerhkk.de\/index.php?rest_route=\/wp\/v2\/media\/341"}],"wp:attachment":[{"href":"http:\/\/kommunikation.gaertnerhkk.de\/index.php?rest_route=%2Fwp%2Fv2%2Fmedia&parent=509"}],"wp:term":[{"taxonomy":"category","embeddable":true,"href":"http:\/\/kommunikation.gaertnerhkk.de\/index.php?rest_route=%2Fwp%2Fv2%2Fcategories&post=509"},{"taxonomy":"post_tag","embeddable":true,"href":"http:\/\/kommunikation.gaertnerhkk.de\/index.php?rest_route=%2Fwp%2Fv2%2Ftags&post=509"}],"curies":[{"name":"wp","href":"https:\/\/api.w.org\/{rel}","templated":true}]}}