{"id":627,"date":"2015-07-08T15:04:27","date_gmt":"2015-07-08T15:04:27","guid":{"rendered":"http:\/\/kommunikation.gaertnerhkk.de\/?p=627"},"modified":"2015-07-16T13:45:42","modified_gmt":"2015-07-16T13:45:42","slug":"profilpass-fuer-junge-menschen","status":"publish","type":"post","link":"http:\/\/kommunikation.gaertnerhkk.de\/?p=627","title":{"rendered":"ProfilPASS f\u00fcr junge Menschen!"},"content":{"rendered":"<p><img decoding=\"async\" class=\" alignright\" src=\"http:\/\/www.profilpass-fuer-junge-menschen.de\/files\/ppj_banner.gif\" alt=\"http:\/\/www.profilpass-fuer-junge-menschen.de\/files\/ppj_banner.gif\" \/><\/p>\n<p><strong>Du kannst vielmehr, als Du glaubst!<\/strong><\/p>\n<p>Entdecke Deine pers\u00f6nlichen St\u00e4rken und Interessen mit dem ProfilPASS!<\/p>\n<p>Im Mittelpunkt der ProfilPASS-Beratung stehen Deine F\u00e4higkeiten, die DU neben der Schule oder Ausbildung und in Deiner Freizeit, mit der Familie oder Freunden, oder im Verein erworben hast.<\/p>\n<p>Die Besonderheit des Instruments ProfilPASS liegt darin, besch\u00e4ftigt sich frei von Zw\u00e4ngen und Erwartungen mit sich selber.<\/p>\n<p>Du lernst Dich besser kennen und findest leichter Deinen Weg &#8211; beruflich und privat.<\/p>\n<p><strong>Die Fragen:<\/strong><\/p>\n<ul>\n<li>Was interessiert mich?<\/li>\n<li>Was kann ich?<\/li>\n<li>Worin bin ich gut?<\/li>\n<\/ul>\n<p>Du wirst bei der Erkennung Deiner St\u00e4rken und der Formulierung eigener Ziele durch professionelle Beratung begleitet.<\/p>\n<p><strong>Worum geht es?<\/strong><\/p>\n<p>In der ProfilPASS-Beratung geht es um:<\/p>\n<ul>\n<li>Erkennen von St\u00e4rken und F\u00e4higkeiten<\/li>\n<li>Entwicklung einer realistischen Selbsteinsch\u00e4tzung<\/li>\n<li>Entscheidungshilfe bei der Berufswahl<\/li>\n<li>Vorbereitung auf Bewerbung und Vorstellungsgespr\u00e4che<\/li>\n<\/ul>\n<p><strong>Musterseiten<\/strong><\/p>\n<p class=\"hide-if-no-js\"><a id=\"set-post-thumbnail\" class=\"thickbox\" title=\"Beitragsbild festlegen\" href=\"http:\/\/kommunikation.gaertnerhkk.de\/wp-admin\/media-upload.php?post_id=613&amp;type=image&amp;TB_iframe=1\"><img loading=\"lazy\" decoding=\"async\" class=\"attachment-266x266 alignleft\" src=\"http:\/\/kommunikation.gaertnerhkk.de\/wp-content\/uploads\/2015\/07\/6001804_musterseeiten_web_Seite_01-248x300.jpg\" alt=\"6001804_musterseeiten_web_Seite_01\" width=\"220\" height=\"266\" \/><\/a><\/p>\n<p class=\"hide-if-no-js\"><a id=\"set-post-thumbnail\" class=\"thickbox\" title=\"Beitragsbild festlegen\" href=\"http:\/\/kommunikation.gaertnerhkk.de\/wp-admin\/media-upload.php?post_id=613&amp;type=image&amp;TB_iframe=1\"><img loading=\"lazy\" decoding=\"async\" class=\"attachment-266x266\" src=\"http:\/\/kommunikation.gaertnerhkk.de\/wp-content\/uploads\/2015\/07\/6001804_musterseeiten_web_Seite_08-212x300.jpg\" alt=\"6001804_musterseeiten_web_Seite_08\" width=\"188\" height=\"266\" \/><\/a><\/p>\n<p class=\"hide-if-no-js\"><a href=\"http:\/\/kommunikation.gaertnerhkk.de\/?page_id=630\">ProfilPASS f\u00fcr junge Menschen<\/a><\/p>\n","protected":false},"excerpt":{"rendered":"Du kannst vielmehr, als Du glaubst! Entdecke Deine pers\u00f6nlichen St\u00e4rken und Interessen mit dem ProfilPASS! Im Mittelpunkt der ProfilPASS-Beratung stehen Deine F\u00e4higkeiten, die DU neben der Schule oder Ausbildung und in Deiner Freizeit, mit der Familie oder Freunden, oder im Verein erworben hast. Die Besonderheit des Instruments ProfilPASS liegt darin, besch\u00e4ftigt sich frei von Zw\u00e4ngen ","protected":false},"author":1,"featured_media":616,"comment_status":"open","ping_status":"open","sticky":false,"template":"","format":"standard","meta":{"footnotes":""},"categories":[5],"tags":[],"class_list":["post-627","post","type-post","status-publish","format-standard","has-post-thumbnail","hentry","category-bewerbungsstrategien"],"yoast_head":"<!-- This site is optimized with the Yoast SEO plugin v23.1 - https:\/\/yoast.com\/wordpress\/plugins\/seo\/ -->\n<title>ProfilPASS f\u00fcr junge Menschen! - gaertner hkk<\/title>\n<meta name=\"robots\" content=\"index, follow, max-snippet:-1, max-image-preview:large, max-video-preview:-1\" \/>\n<link rel=\"canonical\" href=\"http:\/\/kommunikation.gaertnerhkk.de\/?p=627\" \/>\n<meta property=\"og:locale\" content=\"de_DE\" \/>\n<meta property=\"og:type\" content=\"article\" \/>\n<meta property=\"og:title\" content=\"ProfilPASS f\u00fcr junge Menschen! - gaertner hkk\" \/>\n<meta property=\"og:description\" content=\"Du kannst vielmehr, als Du glaubst! Entdecke Deine pers\u00f6nlichen St\u00e4rken und Interessen mit dem ProfilPASS! Im Mittelpunkt der ProfilPASS-Beratung stehen Deine F\u00e4higkeiten, die DU neben der Schule oder Ausbildung und in Deiner Freizeit, mit der Familie oder Freunden, oder im Verein erworben hast. Die Besonderheit des Instruments ProfilPASS liegt darin, besch\u00e4ftigt sich frei von Zw\u00e4ngen\" \/>\n<meta property=\"og:url\" content=\"http:\/\/kommunikation.gaertnerhkk.de\/?p=627\" \/>\n<meta property=\"og:site_name\" content=\"gaertner hkk\" \/>\n<meta property=\"article:publisher\" content=\"https:\/\/www.facebook.com\/gaertnerhkk.de\" \/>\n<meta property=\"article:published_time\" content=\"2015-07-08T15:04:27+00:00\" \/>\n<meta property=\"article:modified_time\" content=\"2015-07-16T13:45:42+00:00\" \/>\n<meta property=\"og:image\" content=\"http:\/\/kommunikation.gaertnerhkk.de\/wp-content\/uploads\/2015\/07\/6001804_musterseeiten_web_Seite_02.jpg\" \/>\n\t<meta property=\"og:image:width\" content=\"1654\" \/>\n\t<meta property=\"og:image:height\" content=\"2339\" \/>\n\t<meta property=\"og:image:type\" content=\"image\/jpeg\" \/>\n<meta name=\"author\" content=\"andrea\" \/>\n<meta name=\"twitter:card\" content=\"summary_large_image\" \/>\n<meta name=\"twitter:label1\" content=\"Verfasst von\" \/>\n\t<meta name=\"twitter:data1\" content=\"andrea\" \/>\n\t<meta name=\"twitter:label2\" content=\"Gesch\u00e4tzte Lesezeit\" \/>\n\t<meta name=\"twitter:data2\" content=\"1 Minute\" \/>\n<script type=\"application\/ld+json\" class=\"yoast-schema-graph\">{\"@context\":\"https:\/\/schema.org\",\"@graph\":[{\"@type\":\"WebPage\",\"@id\":\"http:\/\/kommunikation.gaertnerhkk.de\/?p=627\",\"url\":\"http:\/\/kommunikation.gaertnerhkk.de\/?p=627\",\"name\":\"ProfilPASS f\u00fcr junge Menschen! - gaertner hkk\",\"isPartOf\":{\"@id\":\"http:\/\/kommunikation.gaertnerhkk.de\/#website\"},\"primaryImageOfPage\":{\"@id\":\"http:\/\/kommunikation.gaertnerhkk.de\/?p=627#primaryimage\"},\"image\":{\"@id\":\"http:\/\/kommunikation.gaertnerhkk.de\/?p=627#primaryimage\"},\"thumbnailUrl\":\"http:\/\/kommunikation.gaertnerhkk.de\/wp-content\/uploads\/2015\/07\/6001804_musterseeiten_web_Seite_02.jpg\",\"datePublished\":\"2015-07-08T15:04:27+00:00\",\"dateModified\":\"2015-07-16T13:45:42+00:00\",\"author\":{\"@id\":\"http:\/\/kommunikation.gaertnerhkk.de\/#\/schema\/person\/d05aaaadef4f18286349e0f161de1cdd\"},\"breadcrumb\":{\"@id\":\"http:\/\/kommunikation.gaertnerhkk.de\/?p=627#breadcrumb\"},\"inLanguage\":\"de-DE\",\"potentialAction\":[{\"@type\":\"ReadAction\",\"target\":[\"http:\/\/kommunikation.gaertnerhkk.de\/?p=627\"]}]},{\"@type\":\"ImageObject\",\"inLanguage\":\"de-DE\",\"@id\":\"http:\/\/kommunikation.gaertnerhkk.de\/?p=627#primaryimage\",\"url\":\"http:\/\/kommunikation.gaertnerhkk.de\/wp-content\/uploads\/2015\/07\/6001804_musterseeiten_web_Seite_02.jpg\",\"contentUrl\":\"http:\/\/kommunikation.gaertnerhkk.de\/wp-content\/uploads\/2015\/07\/6001804_musterseeiten_web_Seite_02.jpg\",\"width\":1654,\"height\":2339},{\"@type\":\"BreadcrumbList\",\"@id\":\"http:\/\/kommunikation.gaertnerhkk.de\/?p=627#breadcrumb\",\"itemListElement\":[{\"@type\":\"ListItem\",\"position\":1,\"name\":\"Home\",\"item\":\"http:\/\/kommunikation.gaertnerhkk.de\/\"},{\"@type\":\"ListItem\",\"position\":2,\"name\":\"ProfilPASS f\u00fcr junge Menschen!\"}]},{\"@type\":\"WebSite\",\"@id\":\"http:\/\/kommunikation.gaertnerhkk.de\/#website\",\"url\":\"http:\/\/kommunikation.gaertnerhkk.de\/\",\"name\":\"gaertner hkk\",\"description\":\"Bildungsmanufaktur\",\"potentialAction\":[{\"@type\":\"SearchAction\",\"target\":{\"@type\":\"EntryPoint\",\"urlTemplate\":\"http:\/\/kommunikation.gaertnerhkk.de\/?s={search_term_string}\"},\"query-input\":\"required name=search_term_string\"}],\"inLanguage\":\"de-DE\"},{\"@type\":\"Person\",\"@id\":\"http:\/\/kommunikation.gaertnerhkk.de\/#\/schema\/person\/d05aaaadef4f18286349e0f161de1cdd\",\"name\":\"andrea\",\"sameAs\":[\"http:\/\/gaertnerhkk.de\"]}]}<\/script>\n<!-- \/ Yoast SEO plugin. -->","yoast_head_json":{"title":"ProfilPASS f\u00fcr junge Menschen! - gaertner hkk","robots":{"index":"index","follow":"follow","max-snippet":"max-snippet:-1","max-image-preview":"max-image-preview:large","max-video-preview":"max-video-preview:-1"},"canonical":"http:\/\/kommunikation.gaertnerhkk.de\/?p=627","og_locale":"de_DE","og_type":"article","og_title":"ProfilPASS f\u00fcr junge Menschen! - gaertner hkk","og_description":"Du kannst vielmehr, als Du glaubst! Entdecke Deine pers\u00f6nlichen St\u00e4rken und Interessen mit dem ProfilPASS! Im Mittelpunkt der ProfilPASS-Beratung stehen Deine F\u00e4higkeiten, die DU neben der Schule oder Ausbildung und in Deiner Freizeit, mit der Familie oder Freunden, oder im Verein erworben hast. Die Besonderheit des Instruments ProfilPASS liegt darin, besch\u00e4ftigt sich frei von Zw\u00e4ngen","og_url":"http:\/\/kommunikation.gaertnerhkk.de\/?p=627","og_site_name":"gaertner hkk","article_publisher":"https:\/\/www.facebook.com\/gaertnerhkk.de","article_published_time":"2015-07-08T15:04:27+00:00","article_modified_time":"2015-07-16T13:45:42+00:00","og_image":[{"width":1654,"height":2339,"url":"http:\/\/kommunikation.gaertnerhkk.de\/wp-content\/uploads\/2015\/07\/6001804_musterseeiten_web_Seite_02.jpg","type":"image\/jpeg"}],"author":"andrea","twitter_card":"summary_large_image","twitter_misc":{"Verfasst von":"andrea","Gesch\u00e4tzte Lesezeit":"1 Minute"},"schema":{"@context":"https:\/\/schema.org","@graph":[{"@type":"WebPage","@id":"http:\/\/kommunikation.gaertnerhkk.de\/?p=627","url":"http:\/\/kommunikation.gaertnerhkk.de\/?p=627","name":"ProfilPASS f\u00fcr junge Menschen! - gaertner hkk","isPartOf":{"@id":"http:\/\/kommunikation.gaertnerhkk.de\/#website"},"primaryImageOfPage":{"@id":"http:\/\/kommunikation.gaertnerhkk.de\/?p=627#primaryimage"},"image":{"@id":"http:\/\/kommunikation.gaertnerhkk.de\/?p=627#primaryimage"},"thumbnailUrl":"http:\/\/kommunikation.gaertnerhkk.de\/wp-content\/uploads\/2015\/07\/6001804_musterseeiten_web_Seite_02.jpg","datePublished":"2015-07-08T15:04:27+00:00","dateModified":"2015-07-16T13:45:42+00:00","author":{"@id":"http:\/\/kommunikation.gaertnerhkk.de\/#\/schema\/person\/d05aaaadef4f18286349e0f161de1cdd"},"breadcrumb":{"@id":"http:\/\/kommunikation.gaertnerhkk.de\/?p=627#breadcrumb"},"inLanguage":"de-DE","potentialAction":[{"@type":"ReadAction","target":["http:\/\/kommunikation.gaertnerhkk.de\/?p=627"]}]},{"@type":"ImageObject","inLanguage":"de-DE","@id":"http:\/\/kommunikation.gaertnerhkk.de\/?p=627#primaryimage","url":"http:\/\/kommunikation.gaertnerhkk.de\/wp-content\/uploads\/2015\/07\/6001804_musterseeiten_web_Seite_02.jpg","contentUrl":"http:\/\/kommunikation.gaertnerhkk.de\/wp-content\/uploads\/2015\/07\/6001804_musterseeiten_web_Seite_02.jpg","width":1654,"height":2339},{"@type":"BreadcrumbList","@id":"http:\/\/kommunikation.gaertnerhkk.de\/?p=627#breadcrumb","itemListElement":[{"@type":"ListItem","position":1,"name":"Home","item":"http:\/\/kommunikation.gaertnerhkk.de\/"},{"@type":"ListItem","position":2,"name":"ProfilPASS f\u00fcr junge Menschen!"}]},{"@type":"WebSite","@id":"http:\/\/kommunikation.gaertnerhkk.de\/#website","url":"http:\/\/kommunikation.gaertnerhkk.de\/","name":"gaertner hkk","description":"Bildungsmanufaktur","potentialAction":[{"@type":"SearchAction","target":{"@type":"EntryPoint","urlTemplate":"http:\/\/kommunikation.gaertnerhkk.de\/?s={search_term_string}"},"query-input":"required name=search_term_string"}],"inLanguage":"de-DE"},{"@type":"Person","@id":"http:\/\/kommunikation.gaertnerhkk.de\/#\/schema\/person\/d05aaaadef4f18286349e0f161de1cdd","name":"andrea","sameAs":["http:\/\/gaertnerhkk.de"]}]}},"_links":{"self":[{"href":"http:\/\/kommunikation.gaertnerhkk.de\/index.php?rest_route=\/wp\/v2\/posts\/627"}],"collection":[{"href":"http:\/\/kommunikation.gaertnerhkk.de\/index.php?rest_route=\/wp\/v2\/posts"}],"about":[{"href":"http:\/\/kommunikation.gaertnerhkk.de\/index.php?rest_route=\/wp\/v2\/types\/post"}],"author":[{"embeddable":true,"href":"http:\/\/kommunikation.gaertnerhkk.de\/index.php?rest_route=\/wp\/v2\/users\/1"}],"replies":[{"embeddable":true,"href":"http:\/\/kommunikation.gaertnerhkk.de\/index.php?rest_route=%2Fwp%2Fv2%2Fcomments&post=627"}],"version-history":[{"count":6,"href":"http:\/\/kommunikation.gaertnerhkk.de\/index.php?rest_route=\/wp\/v2\/posts\/627\/revisions"}],"predecessor-version":[{"id":725,"href":"http:\/\/kommunikation.gaertnerhkk.de\/index.php?rest_route=\/wp\/v2\/posts\/627\/revisions\/725"}],"wp:featuredmedia":[{"embeddable":true,"href":"http:\/\/kommunikation.gaertnerhkk.de\/index.php?rest_route=\/wp\/v2\/media\/616"}],"wp:attachment":[{"href":"http:\/\/kommunikation.gaertnerhkk.de\/index.php?rest_route=%2Fwp%2Fv2%2Fmedia&parent=627"}],"wp:term":[{"taxonomy":"category","embeddable":true,"href":"http:\/\/kommunikation.gaertnerhkk.de\/index.php?rest_route=%2Fwp%2Fv2%2Fcategories&post=627"},{"taxonomy":"post_tag","embeddable":true,"href":"http:\/\/kommunikation.gaertnerhkk.de\/index.php?rest_route=%2Fwp%2Fv2%2Ftags&post=627"}],"curies":[{"name":"wp","href":"https:\/\/api.w.org\/{rel}","templated":true}]}}