{"id":732,"date":"2015-07-16T14:27:46","date_gmt":"2015-07-16T14:27:46","guid":{"rendered":"http:\/\/kommunikation.gaertnerhkk.de\/?p=732"},"modified":"2015-08-25T12:33:38","modified_gmt":"2015-08-25T12:33:38","slug":"ausbilder-werden","status":"publish","type":"post","link":"http:\/\/kommunikation.gaertnerhkk.de\/?p=732","title":{"rendered":"Ausbilder AEVO"},"content":{"rendered":"<div id=\"pageTitle\" class=\"clearfix\">\n<h1 class=\"title\">Grundvoraussetzungen:<\/h1>\n<\/div>\n<article id=\"content\" class=\"clearfix\">\n<div class=\"clearfix  row-fluid vc_row-fluid\">\n<div class=\"span12 krown-column-container clearfix column_container\">\n<div class=\"clearfix \">\n<div class=\"wpb_wrapper\">\n<ul>\n<li>Die fachliche Qualifikation,<\/li>\n<li>Die charakterliche Eignung und<\/li>\n<li>die berufs-und arbeitsp\u00e4dagogische Qualifikation.<\/li>\n<\/ul>\n<\/div>\n<\/div>\n<section class=\"rbTextIcon clearfix two\">\n<h4><span style=\"color: #ff0000;\">Fachliche Qualifikation<\/span><\/h4>\n<div>Ausbilder\/innen vermitteln fachliche Fertigkeiten, Kenntnisse und Erfahrungen:<\/p>\n<ul>\n<li><span style=\"color: #ff0000;\"><span style=\"color: #ff0000;\"><span style=\"color: #ff0000;\">Daher verlangt das Berufsbildungsgesetz, dass die angehenden AusbilderInnen die Abschlusspr\u00fcfung in dem Beruf nachweisen, in dem sie ausbilden wollen.<\/span><\/span><\/span><\/li>\n<li>Und wenn der AusbilderIn einem verwandten Beruf die Pr\u00fcfung absolvierte?\n<ul>\n<li>Die fachliche Anforderung ist erf\u00fcllt, wenn die Inhalte beider Berufe <strong>mindestens zu 75%<\/strong> \u00fcbereinstimmen.<\/li>\n<\/ul>\n<\/li>\n<li><strong>Und wenn beide Voraussetzungen nicht zutreffen?<\/strong>\n<ul>\n<li>Dann muss man mit der zust\u00e4ndigen Kammer sprechen und eine \u201e<strong>widerrufliche Zuerkennung der fachlichen Eignung\u201c<\/strong> beantragen.<\/li>\n<\/ul>\n<\/li>\n<\/ul>\n<\/div>\n<\/section>\n<section class=\"rbTextIcon clearfix two\">\n<hr \/>\n<h4><span style=\"color: #ff0000;\">Charakterliche Eignung<\/span><\/h4>\n<div>AusbilderInnen folgen dem gesetzlichen Auftrag, die Auszubildenden charakterlich zu f\u00f6rdern.<\/div>\n<div>Daher erwartet man angehenden AusbildernInnen, insbesondere keine Straftaten gegen Kinder und Jugendliche begangen zu haben. Das Jugendarbeitsschutzgesetz listet den Personenkreis auf, den das Verbot des Ausbildens betrifft.<\/p>\n<hr \/>\n<\/div>\n<\/section>\n<section class=\"rbTextIcon clearfix two\">\n<h4><span style=\"color: #ff0000;\">Berufs- und arbeitsp\u00e4dagogische Qualifikation<\/span><\/h4>\n<\/section>\n<\/div>\n<p>Den Nachweis, das man als AusbilderIn t\u00e4tig werden will, dokumentiert die erfolgreiche AEVO-Pr\u00fcfung.<\/p>\n<p>AEVO = Ausbilder-Eignungs-Verordnung. Der Nachweis gilt f\u00fcr das gesamte Berufsleben. Seit 1990 arbeiten wir nach diesen Qualit\u00e4tsstandards.<\/p>\n<\/div>\n<\/article>\n","protected":false},"excerpt":{"rendered":"Grundvoraussetzungen: Die fachliche Qualifikation, Die charakterliche Eignung und die berufs-und arbeitsp\u00e4dagogische Qualifikation. Fachliche Qualifikation Ausbilder\/innen vermitteln fachliche Fertigkeiten, Kenntnisse und Erfahrungen: Daher verlangt das Berufsbildungsgesetz, dass die angehenden AusbilderInnen die Abschlusspr\u00fcfung in dem Beruf nachweisen, in dem sie ausbilden wollen. Und wenn der AusbilderIn einem verwandten Beruf die Pr\u00fcfung absolvierte? Die fachliche Anforderung ist erf\u00fcllt, ","protected":false},"author":1,"featured_media":440,"comment_status":"open","ping_status":"open","sticky":false,"template":"","format":"standard","meta":{"footnotes":""},"categories":[13],"tags":[],"class_list":["post-732","post","type-post","status-publish","format-standard","has-post-thumbnail","hentry","category-bildungsqualitaet"],"yoast_head":"<!-- This site is optimized with the Yoast SEO plugin v23.1 - https:\/\/yoast.com\/wordpress\/plugins\/seo\/ -->\n<title>Ausbilder AEVO - gaertner hkk<\/title>\n<meta name=\"robots\" content=\"index, follow, max-snippet:-1, max-image-preview:large, max-video-preview:-1\" \/>\n<link rel=\"canonical\" href=\"http:\/\/kommunikation.gaertnerhkk.de\/?p=732\" \/>\n<meta property=\"og:locale\" content=\"de_DE\" \/>\n<meta property=\"og:type\" content=\"article\" \/>\n<meta property=\"og:title\" content=\"Ausbilder AEVO - gaertner hkk\" \/>\n<meta property=\"og:description\" content=\"Grundvoraussetzungen: Die fachliche Qualifikation, Die charakterliche Eignung und die berufs-und arbeitsp\u00e4dagogische Qualifikation. Fachliche Qualifikation Ausbilder\/innen vermitteln fachliche Fertigkeiten, Kenntnisse und Erfahrungen: Daher verlangt das Berufsbildungsgesetz, dass die angehenden AusbilderInnen die Abschlusspr\u00fcfung in dem Beruf nachweisen, in dem sie ausbilden wollen. Und wenn der AusbilderIn einem verwandten Beruf die Pr\u00fcfung absolvierte? Die fachliche Anforderung ist erf\u00fcllt,\" \/>\n<meta property=\"og:url\" content=\"http:\/\/kommunikation.gaertnerhkk.de\/?p=732\" \/>\n<meta property=\"og:site_name\" content=\"gaertner hkk\" \/>\n<meta property=\"article:publisher\" content=\"https:\/\/www.facebook.com\/gaertnerhkk.de\" \/>\n<meta property=\"article:published_time\" content=\"2015-07-16T14:27:46+00:00\" \/>\n<meta property=\"article:modified_time\" content=\"2015-08-25T12:33:38+00:00\" \/>\n<meta property=\"og:image\" content=\"http:\/\/kommunikation.gaertnerhkk.de\/wp-content\/uploads\/2015\/06\/DSCN1004.jpg\" \/>\n\t<meta property=\"og:image:width\" content=\"3264\" \/>\n\t<meta property=\"og:image:height\" content=\"2448\" \/>\n\t<meta property=\"og:image:type\" content=\"image\/jpeg\" \/>\n<meta name=\"author\" content=\"andrea\" \/>\n<meta name=\"twitter:card\" content=\"summary_large_image\" \/>\n<meta name=\"twitter:label1\" content=\"Verfasst von\" \/>\n\t<meta name=\"twitter:data1\" content=\"andrea\" \/>\n\t<meta name=\"twitter:label2\" content=\"Gesch\u00e4tzte Lesezeit\" \/>\n\t<meta name=\"twitter:data2\" content=\"1 Minute\" \/>\n<script type=\"application\/ld+json\" class=\"yoast-schema-graph\">{\"@context\":\"https:\/\/schema.org\",\"@graph\":[{\"@type\":\"WebPage\",\"@id\":\"http:\/\/kommunikation.gaertnerhkk.de\/?p=732\",\"url\":\"http:\/\/kommunikation.gaertnerhkk.de\/?p=732\",\"name\":\"Ausbilder AEVO - gaertner hkk\",\"isPartOf\":{\"@id\":\"http:\/\/kommunikation.gaertnerhkk.de\/#website\"},\"primaryImageOfPage\":{\"@id\":\"http:\/\/kommunikation.gaertnerhkk.de\/?p=732#primaryimage\"},\"image\":{\"@id\":\"http:\/\/kommunikation.gaertnerhkk.de\/?p=732#primaryimage\"},\"thumbnailUrl\":\"http:\/\/kommunikation.gaertnerhkk.de\/wp-content\/uploads\/2015\/06\/DSCN1004.jpg\",\"datePublished\":\"2015-07-16T14:27:46+00:00\",\"dateModified\":\"2015-08-25T12:33:38+00:00\",\"author\":{\"@id\":\"http:\/\/kommunikation.gaertnerhkk.de\/#\/schema\/person\/d05aaaadef4f18286349e0f161de1cdd\"},\"breadcrumb\":{\"@id\":\"http:\/\/kommunikation.gaertnerhkk.de\/?p=732#breadcrumb\"},\"inLanguage\":\"de-DE\",\"potentialAction\":[{\"@type\":\"ReadAction\",\"target\":[\"http:\/\/kommunikation.gaertnerhkk.de\/?p=732\"]}]},{\"@type\":\"ImageObject\",\"inLanguage\":\"de-DE\",\"@id\":\"http:\/\/kommunikation.gaertnerhkk.de\/?p=732#primaryimage\",\"url\":\"http:\/\/kommunikation.gaertnerhkk.de\/wp-content\/uploads\/2015\/06\/DSCN1004.jpg\",\"contentUrl\":\"http:\/\/kommunikation.gaertnerhkk.de\/wp-content\/uploads\/2015\/06\/DSCN1004.jpg\",\"width\":3264,\"height\":2448},{\"@type\":\"BreadcrumbList\",\"@id\":\"http:\/\/kommunikation.gaertnerhkk.de\/?p=732#breadcrumb\",\"itemListElement\":[{\"@type\":\"ListItem\",\"position\":1,\"name\":\"Home\",\"item\":\"http:\/\/kommunikation.gaertnerhkk.de\/\"},{\"@type\":\"ListItem\",\"position\":2,\"name\":\"Ausbilder AEVO\"}]},{\"@type\":\"WebSite\",\"@id\":\"http:\/\/kommunikation.gaertnerhkk.de\/#website\",\"url\":\"http:\/\/kommunikation.gaertnerhkk.de\/\",\"name\":\"gaertner hkk\",\"description\":\"Bildungsmanufaktur\",\"potentialAction\":[{\"@type\":\"SearchAction\",\"target\":{\"@type\":\"EntryPoint\",\"urlTemplate\":\"http:\/\/kommunikation.gaertnerhkk.de\/?s={search_term_string}\"},\"query-input\":\"required name=search_term_string\"}],\"inLanguage\":\"de-DE\"},{\"@type\":\"Person\",\"@id\":\"http:\/\/kommunikation.gaertnerhkk.de\/#\/schema\/person\/d05aaaadef4f18286349e0f161de1cdd\",\"name\":\"andrea\",\"sameAs\":[\"http:\/\/gaertnerhkk.de\"]}]}<\/script>\n<!-- \/ Yoast SEO plugin. -->","yoast_head_json":{"title":"Ausbilder AEVO - gaertner hkk","robots":{"index":"index","follow":"follow","max-snippet":"max-snippet:-1","max-image-preview":"max-image-preview:large","max-video-preview":"max-video-preview:-1"},"canonical":"http:\/\/kommunikation.gaertnerhkk.de\/?p=732","og_locale":"de_DE","og_type":"article","og_title":"Ausbilder AEVO - gaertner hkk","og_description":"Grundvoraussetzungen: Die fachliche Qualifikation, Die charakterliche Eignung und die berufs-und arbeitsp\u00e4dagogische Qualifikation. Fachliche Qualifikation Ausbilder\/innen vermitteln fachliche Fertigkeiten, Kenntnisse und Erfahrungen: Daher verlangt das Berufsbildungsgesetz, dass die angehenden AusbilderInnen die Abschlusspr\u00fcfung in dem Beruf nachweisen, in dem sie ausbilden wollen. Und wenn der AusbilderIn einem verwandten Beruf die Pr\u00fcfung absolvierte? Die fachliche Anforderung ist erf\u00fcllt,","og_url":"http:\/\/kommunikation.gaertnerhkk.de\/?p=732","og_site_name":"gaertner hkk","article_publisher":"https:\/\/www.facebook.com\/gaertnerhkk.de","article_published_time":"2015-07-16T14:27:46+00:00","article_modified_time":"2015-08-25T12:33:38+00:00","og_image":[{"width":3264,"height":2448,"url":"http:\/\/kommunikation.gaertnerhkk.de\/wp-content\/uploads\/2015\/06\/DSCN1004.jpg","type":"image\/jpeg"}],"author":"andrea","twitter_card":"summary_large_image","twitter_misc":{"Verfasst von":"andrea","Gesch\u00e4tzte Lesezeit":"1 Minute"},"schema":{"@context":"https:\/\/schema.org","@graph":[{"@type":"WebPage","@id":"http:\/\/kommunikation.gaertnerhkk.de\/?p=732","url":"http:\/\/kommunikation.gaertnerhkk.de\/?p=732","name":"Ausbilder AEVO - gaertner hkk","isPartOf":{"@id":"http:\/\/kommunikation.gaertnerhkk.de\/#website"},"primaryImageOfPage":{"@id":"http:\/\/kommunikation.gaertnerhkk.de\/?p=732#primaryimage"},"image":{"@id":"http:\/\/kommunikation.gaertnerhkk.de\/?p=732#primaryimage"},"thumbnailUrl":"http:\/\/kommunikation.gaertnerhkk.de\/wp-content\/uploads\/2015\/06\/DSCN1004.jpg","datePublished":"2015-07-16T14:27:46+00:00","dateModified":"2015-08-25T12:33:38+00:00","author":{"@id":"http:\/\/kommunikation.gaertnerhkk.de\/#\/schema\/person\/d05aaaadef4f18286349e0f161de1cdd"},"breadcrumb":{"@id":"http:\/\/kommunikation.gaertnerhkk.de\/?p=732#breadcrumb"},"inLanguage":"de-DE","potentialAction":[{"@type":"ReadAction","target":["http:\/\/kommunikation.gaertnerhkk.de\/?p=732"]}]},{"@type":"ImageObject","inLanguage":"de-DE","@id":"http:\/\/kommunikation.gaertnerhkk.de\/?p=732#primaryimage","url":"http:\/\/kommunikation.gaertnerhkk.de\/wp-content\/uploads\/2015\/06\/DSCN1004.jpg","contentUrl":"http:\/\/kommunikation.gaertnerhkk.de\/wp-content\/uploads\/2015\/06\/DSCN1004.jpg","width":3264,"height":2448},{"@type":"BreadcrumbList","@id":"http:\/\/kommunikation.gaertnerhkk.de\/?p=732#breadcrumb","itemListElement":[{"@type":"ListItem","position":1,"name":"Home","item":"http:\/\/kommunikation.gaertnerhkk.de\/"},{"@type":"ListItem","position":2,"name":"Ausbilder AEVO"}]},{"@type":"WebSite","@id":"http:\/\/kommunikation.gaertnerhkk.de\/#website","url":"http:\/\/kommunikation.gaertnerhkk.de\/","name":"gaertner hkk","description":"Bildungsmanufaktur","potentialAction":[{"@type":"SearchAction","target":{"@type":"EntryPoint","urlTemplate":"http:\/\/kommunikation.gaertnerhkk.de\/?s={search_term_string}"},"query-input":"required name=search_term_string"}],"inLanguage":"de-DE"},{"@type":"Person","@id":"http:\/\/kommunikation.gaertnerhkk.de\/#\/schema\/person\/d05aaaadef4f18286349e0f161de1cdd","name":"andrea","sameAs":["http:\/\/gaertnerhkk.de"]}]}},"_links":{"self":[{"href":"http:\/\/kommunikation.gaertnerhkk.de\/index.php?rest_route=\/wp\/v2\/posts\/732"}],"collection":[{"href":"http:\/\/kommunikation.gaertnerhkk.de\/index.php?rest_route=\/wp\/v2\/posts"}],"about":[{"href":"http:\/\/kommunikation.gaertnerhkk.de\/index.php?rest_route=\/wp\/v2\/types\/post"}],"author":[{"embeddable":true,"href":"http:\/\/kommunikation.gaertnerhkk.de\/index.php?rest_route=\/wp\/v2\/users\/1"}],"replies":[{"embeddable":true,"href":"http:\/\/kommunikation.gaertnerhkk.de\/index.php?rest_route=%2Fwp%2Fv2%2Fcomments&post=732"}],"version-history":[{"count":5,"href":"http:\/\/kommunikation.gaertnerhkk.de\/index.php?rest_route=\/wp\/v2\/posts\/732\/revisions"}],"predecessor-version":[{"id":921,"href":"http:\/\/kommunikation.gaertnerhkk.de\/index.php?rest_route=\/wp\/v2\/posts\/732\/revisions\/921"}],"wp:featuredmedia":[{"embeddable":true,"href":"http:\/\/kommunikation.gaertnerhkk.de\/index.php?rest_route=\/wp\/v2\/media\/440"}],"wp:attachment":[{"href":"http:\/\/kommunikation.gaertnerhkk.de\/index.php?rest_route=%2Fwp%2Fv2%2Fmedia&parent=732"}],"wp:term":[{"taxonomy":"category","embeddable":true,"href":"http:\/\/kommunikation.gaertnerhkk.de\/index.php?rest_route=%2Fwp%2Fv2%2Fcategories&post=732"},{"taxonomy":"post_tag","embeddable":true,"href":"http:\/\/kommunikation.gaertnerhkk.de\/index.php?rest_route=%2Fwp%2Fv2%2Ftags&post=732"}],"curies":[{"name":"wp","href":"https:\/\/api.w.org\/{rel}","templated":true}]}}