{"id":938,"date":"2015-09-01T10:05:48","date_gmt":"2015-09-01T10:05:48","guid":{"rendered":"http:\/\/kommunikation.gaertnerhkk.de\/?p=938"},"modified":"2015-09-05T07:30:07","modified_gmt":"2015-09-05T07:30:07","slug":"938","status":"publish","type":"post","link":"http:\/\/kommunikation.gaertnerhkk.de\/?p=938","title":{"rendered":"Hilfe bei der Fachkr\u00e4ftesuche"},"content":{"rendered":"<p><strong>Hilfe bei der Fachkr\u00e4ftesuche<\/strong><a id=\"set-post-thumbnail\" class=\"thickbox\" title=\"Beitragsbild festlegen\" href=\"http:\/\/kommunikation.gaertnerhkk.de\/wp-admin\/media-upload.php?post_id=938&amp;type=image&amp;TB_iframe=1\"><img loading=\"lazy\" decoding=\"async\" class=\"attachment-266x266 alignright\" src=\"http:\/\/kommunikation.gaertnerhkk.de\/wp-content\/uploads\/2015\/09\/1618120_806143789437210_4367967580242108428_o-300x199.jpg\" alt=\"1618120_806143789437210_4367967580242108428_o\" width=\"266\" height=\"176\" \/><\/a><\/p>\n<p>Gerade f\u00fcr kleine und mittlere Unternehmen wird es in Zeiten des demografischen Wandels deutlich schwieriger werden geeignete Fachkr\u00e4fte zu finden. Das Fehlen geeigneter Mitarbeiter f\u00fchrt im Saarland schon heute zu Umsatzeinbu\u00dfen von rund 300 Millionen Euro j\u00e4hrlich. In den Fokus der \u00d6ffentlichkeit und der Unternehmen r\u00fccken zunehmend auch Menschen mit Migrationshintergrund.<\/p>\n<p>&nbsp;<\/p>\n<p>Diese bed\u00fcrfen h\u00e4ufig einer besonderen Begleitung bei ihrem Einstieg in den Arbeitsmarkt.<br \/>\nDer Bund der Selbst\u00e4ndigen Rheinland-Pfalz und Saarland e.V. (BDS) reagiert auf diese aktuelle Entwicklung und unterst\u00fctzt die kleinen Betriebe im Saarland durch Angebote der BDS Akademie. Koordiniert werden die Angebote \u00fcber die BDS Gesch\u00e4ftsstelle in Dillingen. Den Auftakt der Angebote in diesem Themenbereich bildet die Kooperation zwischen dem Beratungsdienst Paulisch GmbH und gaertner.human.kapital.konsulting.<\/p>\n<p>\u201eDer Beratungsdienst Paulisch GmbH ist spezialisiert auf die Existenzgr\u00fcndung und Unternehmensberatung auch f\u00fcr Menschen mit Migrationshintergrund. Gaertner hkk steht f\u00fcr passgenaue Beratung und Weiterbildung f\u00fcr zuk\u00fcnftige Arbeitnehmer und engagiert sich f\u00fcr die Integration von Fachkr\u00e4ften mit Migrationshintergrund in den betrieblichen Ablauf. Von daher passt die Kooperation sehr gut. Es ist unser Ansatz die vielen bestehenden Angebote zu vernetzen. Im Moment ist es f\u00fcr kleine Betriebe sehr schwer die richtigen Ma\u00dfnahmen zu finden\u201c, beschreibt Andrea Gaertner, Inhaberin von gaertner hkk die Kooperation.<\/p>\n<p>\u201eWas viele Unternehmen nicht wissen ist, dass es f\u00fcr zahlreiche Ma\u00dfnahmen sehr attraktive F\u00f6rderm\u00f6glichkeiten gibt, so dass die Kosten f\u00fcr das Unternehmen begrenzt werden k\u00f6nnen.<\/p>\n<p>Wir haben mit diesen F\u00f6rderm\u00f6glichkeiten sehr viel Erfahrung und k\u00f6nnen so die Unternehmen unterst\u00fctzen. Durch unsere Anbindung an den Bund der Selbst\u00e4ndigen Rheinland-Pfalz und Saarland e.V. sind wir au\u00dferdem stets mit den Wirtschaftsf\u00f6rderungen, Arbeitsagenturen und Kommunen im Austausch um auf die Bed\u00fcrfnisse der Betriebe einzugehen\u201c, fasst Gaertner die Arbeit der BDS Akademie zusammen.<\/p>\n<p>&nbsp;<\/p>\n<p>Weitere Informationen:<\/p>\n<p><a href=\"http:\/\/bds-akademie.de\">bds-akademie.de<\/a>, <a href=\"http:\/\/beratungsdienst-paulisch.de\">beratungsdienst-paulisch.de<\/a>, gaertnerhkk.de<\/p>\n<p><strong>\u00a0<\/strong><\/p>\n<p>Rufen Sie uns an: 0 68 31 5 00 37 56 oder hinterlassen Sie uns eine Nachricht \u00fcber das <a href=\"http:\/\/www.allela.de\/kontakt.html\" target=\"_blank\">Kontaktformular<\/a><\/p>\n","protected":false},"excerpt":{"rendered":"Hilfe bei der Fachkr\u00e4ftesuche Gerade f\u00fcr kleine und mittlere Unternehmen wird es in Zeiten des demografischen Wandels deutlich schwieriger werden geeignete Fachkr\u00e4fte zu finden. Das Fehlen geeigneter Mitarbeiter f\u00fchrt im Saarland schon heute zu Umsatzeinbu\u00dfen von rund 300 Millionen Euro j\u00e4hrlich. In den Fokus der \u00d6ffentlichkeit und der Unternehmen r\u00fccken zunehmend auch Menschen mit Migrationshintergrund. ","protected":false},"author":1,"featured_media":939,"comment_status":"open","ping_status":"open","sticky":false,"template":"","format":"standard","meta":{"footnotes":""},"categories":[3,172],"tags":[170,171],"class_list":["post-938","post","type-post","status-publish","format-standard","has-post-thumbnail","hentry","category-downloads","category-news-pressemitteilungen","tag-existengruendung","tag-unternehmensberatung"],"yoast_head":"<!-- This site is optimized with the Yoast SEO plugin v23.1 - https:\/\/yoast.com\/wordpress\/plugins\/seo\/ -->\n<title>Hilfe bei der Fachkr\u00e4ftesuche - gaertner hkk<\/title>\n<meta name=\"robots\" content=\"index, follow, max-snippet:-1, max-image-preview:large, max-video-preview:-1\" \/>\n<link rel=\"canonical\" href=\"http:\/\/kommunikation.gaertnerhkk.de\/?p=938\" \/>\n<meta property=\"og:locale\" content=\"de_DE\" \/>\n<meta property=\"og:type\" content=\"article\" \/>\n<meta property=\"og:title\" content=\"Hilfe bei der Fachkr\u00e4ftesuche - gaertner hkk\" \/>\n<meta property=\"og:description\" content=\"Hilfe bei der Fachkr\u00e4ftesuche Gerade f\u00fcr kleine und mittlere Unternehmen wird es in Zeiten des demografischen Wandels deutlich schwieriger werden geeignete Fachkr\u00e4fte zu finden. Das Fehlen geeigneter Mitarbeiter f\u00fchrt im Saarland schon heute zu Umsatzeinbu\u00dfen von rund 300 Millionen Euro j\u00e4hrlich. In den Fokus der \u00d6ffentlichkeit und der Unternehmen r\u00fccken zunehmend auch Menschen mit Migrationshintergrund.\" \/>\n<meta property=\"og:url\" content=\"http:\/\/kommunikation.gaertnerhkk.de\/?p=938\" \/>\n<meta property=\"og:site_name\" content=\"gaertner hkk\" \/>\n<meta property=\"article:publisher\" content=\"https:\/\/www.facebook.com\/gaertnerhkk.de\" \/>\n<meta property=\"article:published_time\" content=\"2015-09-01T10:05:48+00:00\" \/>\n<meta property=\"article:modified_time\" content=\"2015-09-05T07:30:07+00:00\" \/>\n<meta property=\"og:image\" content=\"http:\/\/kommunikation.gaertnerhkk.de\/wp-content\/uploads\/2015\/09\/1618120_806143789437210_4367967580242108428_o.jpg\" \/>\n\t<meta property=\"og:image:width\" content=\"2048\" \/>\n\t<meta property=\"og:image:height\" content=\"1361\" \/>\n\t<meta property=\"og:image:type\" content=\"image\/jpeg\" \/>\n<meta name=\"author\" content=\"andrea\" \/>\n<meta name=\"twitter:card\" content=\"summary_large_image\" \/>\n<meta name=\"twitter:label1\" content=\"Verfasst von\" \/>\n\t<meta name=\"twitter:data1\" content=\"andrea\" \/>\n\t<meta name=\"twitter:label2\" content=\"Gesch\u00e4tzte Lesezeit\" \/>\n\t<meta name=\"twitter:data2\" content=\"2 Minuten\" \/>\n<script type=\"application\/ld+json\" class=\"yoast-schema-graph\">{\"@context\":\"https:\/\/schema.org\",\"@graph\":[{\"@type\":\"WebPage\",\"@id\":\"http:\/\/kommunikation.gaertnerhkk.de\/?p=938\",\"url\":\"http:\/\/kommunikation.gaertnerhkk.de\/?p=938\",\"name\":\"Hilfe bei der Fachkr\u00e4ftesuche - gaertner hkk\",\"isPartOf\":{\"@id\":\"http:\/\/kommunikation.gaertnerhkk.de\/#website\"},\"primaryImageOfPage\":{\"@id\":\"http:\/\/kommunikation.gaertnerhkk.de\/?p=938#primaryimage\"},\"image\":{\"@id\":\"http:\/\/kommunikation.gaertnerhkk.de\/?p=938#primaryimage\"},\"thumbnailUrl\":\"http:\/\/kommunikation.gaertnerhkk.de\/wp-content\/uploads\/2015\/09\/1618120_806143789437210_4367967580242108428_o.jpg\",\"datePublished\":\"2015-09-01T10:05:48+00:00\",\"dateModified\":\"2015-09-05T07:30:07+00:00\",\"author\":{\"@id\":\"http:\/\/kommunikation.gaertnerhkk.de\/#\/schema\/person\/d05aaaadef4f18286349e0f161de1cdd\"},\"breadcrumb\":{\"@id\":\"http:\/\/kommunikation.gaertnerhkk.de\/?p=938#breadcrumb\"},\"inLanguage\":\"de-DE\",\"potentialAction\":[{\"@type\":\"ReadAction\",\"target\":[\"http:\/\/kommunikation.gaertnerhkk.de\/?p=938\"]}]},{\"@type\":\"ImageObject\",\"inLanguage\":\"de-DE\",\"@id\":\"http:\/\/kommunikation.gaertnerhkk.de\/?p=938#primaryimage\",\"url\":\"http:\/\/kommunikation.gaertnerhkk.de\/wp-content\/uploads\/2015\/09\/1618120_806143789437210_4367967580242108428_o.jpg\",\"contentUrl\":\"http:\/\/kommunikation.gaertnerhkk.de\/wp-content\/uploads\/2015\/09\/1618120_806143789437210_4367967580242108428_o.jpg\",\"width\":2048,\"height\":1361},{\"@type\":\"BreadcrumbList\",\"@id\":\"http:\/\/kommunikation.gaertnerhkk.de\/?p=938#breadcrumb\",\"itemListElement\":[{\"@type\":\"ListItem\",\"position\":1,\"name\":\"Home\",\"item\":\"http:\/\/kommunikation.gaertnerhkk.de\/\"},{\"@type\":\"ListItem\",\"position\":2,\"name\":\"Hilfe bei der Fachkr\u00e4ftesuche\"}]},{\"@type\":\"WebSite\",\"@id\":\"http:\/\/kommunikation.gaertnerhkk.de\/#website\",\"url\":\"http:\/\/kommunikation.gaertnerhkk.de\/\",\"name\":\"gaertner hkk\",\"description\":\"Bildungsmanufaktur\",\"potentialAction\":[{\"@type\":\"SearchAction\",\"target\":{\"@type\":\"EntryPoint\",\"urlTemplate\":\"http:\/\/kommunikation.gaertnerhkk.de\/?s={search_term_string}\"},\"query-input\":\"required name=search_term_string\"}],\"inLanguage\":\"de-DE\"},{\"@type\":\"Person\",\"@id\":\"http:\/\/kommunikation.gaertnerhkk.de\/#\/schema\/person\/d05aaaadef4f18286349e0f161de1cdd\",\"name\":\"andrea\",\"sameAs\":[\"http:\/\/gaertnerhkk.de\"]}]}<\/script>\n<!-- \/ Yoast SEO plugin. -->","yoast_head_json":{"title":"Hilfe bei der Fachkr\u00e4ftesuche - gaertner hkk","robots":{"index":"index","follow":"follow","max-snippet":"max-snippet:-1","max-image-preview":"max-image-preview:large","max-video-preview":"max-video-preview:-1"},"canonical":"http:\/\/kommunikation.gaertnerhkk.de\/?p=938","og_locale":"de_DE","og_type":"article","og_title":"Hilfe bei der Fachkr\u00e4ftesuche - gaertner hkk","og_description":"Hilfe bei der Fachkr\u00e4ftesuche Gerade f\u00fcr kleine und mittlere Unternehmen wird es in Zeiten des demografischen Wandels deutlich schwieriger werden geeignete Fachkr\u00e4fte zu finden. Das Fehlen geeigneter Mitarbeiter f\u00fchrt im Saarland schon heute zu Umsatzeinbu\u00dfen von rund 300 Millionen Euro j\u00e4hrlich. In den Fokus der \u00d6ffentlichkeit und der Unternehmen r\u00fccken zunehmend auch Menschen mit Migrationshintergrund.","og_url":"http:\/\/kommunikation.gaertnerhkk.de\/?p=938","og_site_name":"gaertner hkk","article_publisher":"https:\/\/www.facebook.com\/gaertnerhkk.de","article_published_time":"2015-09-01T10:05:48+00:00","article_modified_time":"2015-09-05T07:30:07+00:00","og_image":[{"width":2048,"height":1361,"url":"http:\/\/kommunikation.gaertnerhkk.de\/wp-content\/uploads\/2015\/09\/1618120_806143789437210_4367967580242108428_o.jpg","type":"image\/jpeg"}],"author":"andrea","twitter_card":"summary_large_image","twitter_misc":{"Verfasst von":"andrea","Gesch\u00e4tzte Lesezeit":"2 Minuten"},"schema":{"@context":"https:\/\/schema.org","@graph":[{"@type":"WebPage","@id":"http:\/\/kommunikation.gaertnerhkk.de\/?p=938","url":"http:\/\/kommunikation.gaertnerhkk.de\/?p=938","name":"Hilfe bei der Fachkr\u00e4ftesuche - gaertner hkk","isPartOf":{"@id":"http:\/\/kommunikation.gaertnerhkk.de\/#website"},"primaryImageOfPage":{"@id":"http:\/\/kommunikation.gaertnerhkk.de\/?p=938#primaryimage"},"image":{"@id":"http:\/\/kommunikation.gaertnerhkk.de\/?p=938#primaryimage"},"thumbnailUrl":"http:\/\/kommunikation.gaertnerhkk.de\/wp-content\/uploads\/2015\/09\/1618120_806143789437210_4367967580242108428_o.jpg","datePublished":"2015-09-01T10:05:48+00:00","dateModified":"2015-09-05T07:30:07+00:00","author":{"@id":"http:\/\/kommunikation.gaertnerhkk.de\/#\/schema\/person\/d05aaaadef4f18286349e0f161de1cdd"},"breadcrumb":{"@id":"http:\/\/kommunikation.gaertnerhkk.de\/?p=938#breadcrumb"},"inLanguage":"de-DE","potentialAction":[{"@type":"ReadAction","target":["http:\/\/kommunikation.gaertnerhkk.de\/?p=938"]}]},{"@type":"ImageObject","inLanguage":"de-DE","@id":"http:\/\/kommunikation.gaertnerhkk.de\/?p=938#primaryimage","url":"http:\/\/kommunikation.gaertnerhkk.de\/wp-content\/uploads\/2015\/09\/1618120_806143789437210_4367967580242108428_o.jpg","contentUrl":"http:\/\/kommunikation.gaertnerhkk.de\/wp-content\/uploads\/2015\/09\/1618120_806143789437210_4367967580242108428_o.jpg","width":2048,"height":1361},{"@type":"BreadcrumbList","@id":"http:\/\/kommunikation.gaertnerhkk.de\/?p=938#breadcrumb","itemListElement":[{"@type":"ListItem","position":1,"name":"Home","item":"http:\/\/kommunikation.gaertnerhkk.de\/"},{"@type":"ListItem","position":2,"name":"Hilfe bei der Fachkr\u00e4ftesuche"}]},{"@type":"WebSite","@id":"http:\/\/kommunikation.gaertnerhkk.de\/#website","url":"http:\/\/kommunikation.gaertnerhkk.de\/","name":"gaertner hkk","description":"Bildungsmanufaktur","potentialAction":[{"@type":"SearchAction","target":{"@type":"EntryPoint","urlTemplate":"http:\/\/kommunikation.gaertnerhkk.de\/?s={search_term_string}"},"query-input":"required name=search_term_string"}],"inLanguage":"de-DE"},{"@type":"Person","@id":"http:\/\/kommunikation.gaertnerhkk.de\/#\/schema\/person\/d05aaaadef4f18286349e0f161de1cdd","name":"andrea","sameAs":["http:\/\/gaertnerhkk.de"]}]}},"_links":{"self":[{"href":"http:\/\/kommunikation.gaertnerhkk.de\/index.php?rest_route=\/wp\/v2\/posts\/938"}],"collection":[{"href":"http:\/\/kommunikation.gaertnerhkk.de\/index.php?rest_route=\/wp\/v2\/posts"}],"about":[{"href":"http:\/\/kommunikation.gaertnerhkk.de\/index.php?rest_route=\/wp\/v2\/types\/post"}],"author":[{"embeddable":true,"href":"http:\/\/kommunikation.gaertnerhkk.de\/index.php?rest_route=\/wp\/v2\/users\/1"}],"replies":[{"embeddable":true,"href":"http:\/\/kommunikation.gaertnerhkk.de\/index.php?rest_route=%2Fwp%2Fv2%2Fcomments&post=938"}],"version-history":[{"count":11,"href":"http:\/\/kommunikation.gaertnerhkk.de\/index.php?rest_route=\/wp\/v2\/posts\/938\/revisions"}],"predecessor-version":[{"id":955,"href":"http:\/\/kommunikation.gaertnerhkk.de\/index.php?rest_route=\/wp\/v2\/posts\/938\/revisions\/955"}],"wp:featuredmedia":[{"embeddable":true,"href":"http:\/\/kommunikation.gaertnerhkk.de\/index.php?rest_route=\/wp\/v2\/media\/939"}],"wp:attachment":[{"href":"http:\/\/kommunikation.gaertnerhkk.de\/index.php?rest_route=%2Fwp%2Fv2%2Fmedia&parent=938"}],"wp:term":[{"taxonomy":"category","embeddable":true,"href":"http:\/\/kommunikation.gaertnerhkk.de\/index.php?rest_route=%2Fwp%2Fv2%2Fcategories&post=938"},{"taxonomy":"post_tag","embeddable":true,"href":"http:\/\/kommunikation.gaertnerhkk.de\/index.php?rest_route=%2Fwp%2Fv2%2Ftags&post=938"}],"curies":[{"name":"wp","href":"https:\/\/api.w.org\/{rel}","templated":true}]}}